{"id":5203,"date":"2024-03-05T16:59:03","date_gmt":"2024-03-05T16:59:03","guid":{"rendered":"https:\/\/zonaagro.com.mx\/noticias\/?p=3461"},"modified":"2024-03-05T16:59:03","modified_gmt":"2024-03-05T16:59:03","slug":"conzuelo-gutierrez-asume-la-secretaria-de-las-mujeres-como-encargada-del-despacho","status":"publish","type":"post","link":"https:\/\/zonaagro.com.mx\/noticias\/conzuelo-gutierrez-asume-la-secretaria-de-las-mujeres-como-encargada-del-despacho\/","title":{"rendered":"Conzuelo Guti\u00e9rrez asume la Secretar\u00eda de las Mujeres como encargada del Despacho"},"content":{"rendered":"\n<p><strong>Culiac\u00e1n, Sinaloa, a 5 de marzo de 2024.-<\/strong>&nbsp;El gobernador Rub\u00e9n Rocha Moya design\u00f3 a la Maestra Conzuelo Guti\u00e9rrez Guti\u00e9rrez como encargada del Despacho de la Secretar\u00eda de las Mujeres.<\/p>\n\n\n\n<p>La Maestra Guti\u00e9rrez Guti\u00e9rrez ya se desempe\u00f1aba como subsecretaria de Acceso a las Mujeres a una Vida Libre de Violencia de esta misma dependencia, y partir de ahora queda al frente de la Secretar\u00eda de las Mujeres, de acuerdo a lo establecido en el Reglamento Org\u00e1nico de la Administraci\u00f3n P\u00fablica Estatal y el Reglamento Interno de la propia Secretar\u00eda de las Mujeres; con la finalidad de darle continuidad a los planes y programas de trabajo estipulados en la dependencia estatal.<\/p>\n","protected":false},"excerpt":{"rendered":"<p>Culiac\u00e1n, Sinaloa, a 5 de marzo de 2024.-&nbsp;El gobernador Rub\u00e9n Rocha Moya design\u00f3 a la Maestra Conzuelo Guti\u00e9rrez Guti\u00e9rrez como encargada del Despacho de la Secretar\u00eda de las Mujeres. La Maestra Guti\u00e9rrez Guti\u00e9rrez ya se desempe\u00f1aba como subsecretaria de Acceso a las Mujeres a una Vida Libre de Violencia de esta misma dependencia, y partir [&hellip;]<\/p>\n","protected":false},"author":2,"featured_media":5204,"comment_status":"open","ping_status":"open","sticky":false,"template":"","format":"standard","meta":{"_et_pb_use_builder":"","_et_pb_old_content":"","_et_gb_content_width":"","footnotes":""},"categories":[8,9],"tags":[4,7],"class_list":["post-5203","post","type-post","status-publish","format-standard","has-post-thumbnail","hentry","category-sinaloa","category-zona-centro","tag-estatal","tag-portada"],"_links":{"self":[{"href":"https:\/\/zonaagro.com.mx\/noticias\/wp-json\/wp\/v2\/posts\/5203","targetHints":{"allow":["GET"]}}],"collection":[{"href":"https:\/\/zonaagro.com.mx\/noticias\/wp-json\/wp\/v2\/posts"}],"about":[{"href":"https:\/\/zonaagro.com.mx\/noticias\/wp-json\/wp\/v2\/types\/post"}],"author":[{"embeddable":true,"href":"https:\/\/zonaagro.com.mx\/noticias\/wp-json\/wp\/v2\/users\/2"}],"replies":[{"embeddable":true,"href":"https:\/\/zonaagro.com.mx\/noticias\/wp-json\/wp\/v2\/comments?post=5203"}],"version-history":[{"count":0,"href":"https:\/\/zonaagro.com.mx\/noticias\/wp-json\/wp\/v2\/posts\/5203\/revisions"}],"wp:featuredmedia":[{"embeddable":true,"href":"https:\/\/zonaagro.com.mx\/noticias\/wp-json\/wp\/v2\/media\/5204"}],"wp:attachment":[{"href":"https:\/\/zonaagro.com.mx\/noticias\/wp-json\/wp\/v2\/media?parent=5203"}],"wp:term":[{"taxonomy":"category","embeddable":true,"href":"https:\/\/zonaagro.com.mx\/noticias\/wp-json\/wp\/v2\/categories?post=5203"},{"taxonomy":"post_tag","embeddable":true,"href":"https:\/\/zonaagro.com.mx\/noticias\/wp-json\/wp\/v2\/tags?post=5203"}],"curies":[{"name":"wp","href":"https:\/\/api.w.org\/{rel}","templated":true}]}}