{"id":5207,"date":"2024-02-27T17:45:45","date_gmt":"2024-02-27T17:45:45","guid":{"rendered":"https:\/\/zonaagro.com.mx\/noticias\/?p=3448"},"modified":"2024-02-27T17:45:45","modified_gmt":"2024-02-27T17:45:45","slug":"nuevas-obras-viales-para-ahome-inaugura-y-pone-en-marcha-el-gobernador-rocha","status":"publish","type":"post","link":"https:\/\/zonaagro.com.mx\/noticias\/nuevas-obras-viales-para-ahome-inaugura-y-pone-en-marcha-el-gobernador-rocha\/","title":{"rendered":"Nuevas obras viales para Ahome inaugura y pone en marcha el gobernador Rocha"},"content":{"rendered":"\n<p><em>Se trata de la rehabilitaci\u00f3n del bulevar Rosales y la construcci\u00f3n de la carretera de Goros II al entronque con la carretera Internacional M\u00e9xico 15, ambas con una inversi\u00f3n de 55 millones de pesos<\/em><\/p>\n\n\n\n<p><strong>Los Mochis, Ahome, Sinaloa, a 27 de febrero de 2024.-<\/strong>&nbsp;En una nueva gira de trabajo por el municipio de Ahome, el gobernador Rub\u00e9n Rocha Moya inaugur\u00f3 la remodelaci\u00f3n del bulevar Antonio Rosales, una de las principales arterias viales de la ciudad de Los Mochis, el cual fue reconstruido para sustituir el asfalto por concreto hidr\u00e1ulico, y tambi\u00e9n marc\u00f3 el inicio de los trabajos de pavimentaci\u00f3n del camino que separa a la poblaci\u00f3n de Goros II con la carretera Internacional M\u00e9xico 15, ambas obras que representaron una inversi\u00f3n superior a los 55 millones de pesos.<\/p>\n\n\n\n<p>Acompa\u00f1ado por el presidente municipal de Ahome, Gerardo Vargas Landeros, y por el secretario de Obras P\u00fablicas, Joaqu\u00edn Landeros G\u00fcicho, el mandatario estatal arrib\u00f3 primeramente a la cabecera municipal para entregar la obra de remodelaci\u00f3n del bulevar Rosales, entre las avenidas Pedro Anaya y Agustina Ram\u00edrez, el cual fue pr\u00e1cticamente reconstruido, pues su carpeta era de asfalto, la cual se encontraba muy deteriorada, por lo que se sustituy\u00f3 por concreto hidr\u00e1ulico en sus m\u00e1s de 700 metros de longitud, trabajos en los que se invirtieron 31 millones 983 mil pesos.<\/p>\n\n\n\n<p>En su mensaje, el gobernador Rocha coment\u00f3 que el alcalde Vargas Landeros le solicit\u00f3 su apoyo para reencarpetar este tramo del bulevar, pero en respuesta le contest\u00f3 que no se iba a reencarpetar de asfalto, sino que se construir\u00eda una nueva carpeta de concreto hidr\u00e1ulico, lo que agradeci\u00f3 todav\u00eda m\u00e1s el presidente municipal.<\/p>\n\n\n\n<p>\u201cEstas obras nos dan calidad de vida, este bulevar era de asfalto y le digo yo al alcalde, la mejor ciudad del pa\u00eds y del estado, no debe tener un parche, debe ser de concreto hidr\u00e1ulico, y lo hacemos en las sindicaturas, tambi\u00e9n deben de ser de concreto hidr\u00e1ulico, como en la ciudad, y la otra condici\u00f3n es que deben de ser incluyentes, para que todo mundo pueda transitar. Importa mucho eso, pero lo que m\u00e1s importa es que ni por carreteras ni por calles la gente paga nada\u201d, precis\u00f3.<\/p>\n\n\n\n<p>Posteriormente, el gobernador y el alcalde se trasladaron al poblado Goros II para poner en marcha los trabajos de pavimentaci\u00f3n del camino de terracer\u00eda de 3.24 kil\u00f3metros que comunica con la carretera Internacional M\u00e9xico 15, donde se invertir\u00e1n 24 millones de pesos, y que era una antigua demanda de sus habitantes, entre ellos el ex ligamayorista Teodoro Higuera, quien le agradeci\u00f3 al mandatario estatal que por fin contar\u00e1n con esta carretera tan anhelada.<\/p>\n\n\n\n<p>Aqu\u00ed, el alcalde Gerardo Vargas Landeros reconoci\u00f3 el apoyo que le otorg\u00f3 el gobernador Rocha durante su administraci\u00f3n municipal, de la cual solicit\u00f3 licencia al Cabildo para separarse del cargo para buscar la reelecci\u00f3n, pues destac\u00f3 que se dio soluci\u00f3n a las hist\u00f3ricas demandas, principalmente de drenaje sanitario.<\/p>\n\n\n\n<p>\u201cSe\u00f1or gobernador, pues agradeci\u00e9ndole de nuevo su visita a nuestro bello municipio pero hoy en la zona rural, hoy cumpliendo un compromiso que usted hizo en la visita anterior a esta importante comunidad agr\u00edcola para que se pueda pavimentar esta calle a la carretera internacional, es algo muy valioso que ya ten\u00edan tiempo pidiendo, pero tambi\u00e9n tenemos que mandar un mensaje que as\u00ed como el gobernador en su plan de infraestructura urbana tambi\u00e9n trae beneficios a la parte rural de los municipios\u201d, agradeci\u00f3.<\/p>\n","protected":false},"excerpt":{"rendered":"<p>Se trata de la rehabilitaci\u00f3n del bulevar Rosales y la construcci\u00f3n de la carretera de Goros II al entronque con la carretera Internacional M\u00e9xico 15, ambas con una inversi\u00f3n de 55 millones de pesos Los Mochis, Ahome, Sinaloa, a 27 de febrero de 2024.-&nbsp;En una nueva gira de trabajo por el municipio de Ahome, el [&hellip;]<\/p>\n","protected":false},"author":2,"featured_media":5208,"comment_status":"open","ping_status":"open","sticky":false,"template":"","format":"standard","meta":{"_et_pb_use_builder":"","_et_pb_old_content":"","_et_gb_content_width":"","footnotes":""},"categories":[6,8,9],"tags":[4,7],"class_list":["post-5207","post","type-post","status-publish","format-standard","has-post-thumbnail","hentry","category-politica","category-sinaloa","category-zona-centro","tag-estatal","tag-portada"],"_links":{"self":[{"href":"https:\/\/zonaagro.com.mx\/noticias\/wp-json\/wp\/v2\/posts\/5207","targetHints":{"allow":["GET"]}}],"collection":[{"href":"https:\/\/zonaagro.com.mx\/noticias\/wp-json\/wp\/v2\/posts"}],"about":[{"href":"https:\/\/zonaagro.com.mx\/noticias\/wp-json\/wp\/v2\/types\/post"}],"author":[{"embeddable":true,"href":"https:\/\/zonaagro.com.mx\/noticias\/wp-json\/wp\/v2\/users\/2"}],"replies":[{"embeddable":true,"href":"https:\/\/zonaagro.com.mx\/noticias\/wp-json\/wp\/v2\/comments?post=5207"}],"version-history":[{"count":0,"href":"https:\/\/zonaagro.com.mx\/noticias\/wp-json\/wp\/v2\/posts\/5207\/revisions"}],"wp:featuredmedia":[{"embeddable":true,"href":"https:\/\/zonaagro.com.mx\/noticias\/wp-json\/wp\/v2\/media\/5208"}],"wp:attachment":[{"href":"https:\/\/zonaagro.com.mx\/noticias\/wp-json\/wp\/v2\/media?parent=5207"}],"wp:term":[{"taxonomy":"category","embeddable":true,"href":"https:\/\/zonaagro.com.mx\/noticias\/wp-json\/wp\/v2\/categories?post=5207"},{"taxonomy":"post_tag","embeddable":true,"href":"https:\/\/zonaagro.com.mx\/noticias\/wp-json\/wp\/v2\/tags?post=5207"}],"curies":[{"name":"wp","href":"https:\/\/api.w.org\/{rel}","templated":true}]}}