{"id":5211,"date":"2024-02-22T16:49:18","date_gmt":"2024-02-22T16:49:18","guid":{"rendered":"https:\/\/zonaagro.com.mx\/noticias\/?p=3439"},"modified":"2024-02-22T16:49:18","modified_gmt":"2024-02-22T16:49:18","slug":"anuncia-rocha-paquete-de-obras-por-4780-mdp-en-los-20-municipios-de-sinaloa","status":"publish","type":"post","link":"https:\/\/zonaagro.com.mx\/noticias\/anuncia-rocha-paquete-de-obras-por-4780-mdp-en-los-20-municipios-de-sinaloa\/","title":{"rendered":"Anuncia Rocha paquete de obras por 4,780 mdp en los 20 municipios de Sinaloa"},"content":{"rendered":"\n<p><em>*Queremos revolucionar la econom\u00eda sinaloense, afirm\u00f3 el gobernador al presentar el Plan de Obras 2024-2025<\/em><\/p>\n\n\n\n<p><em>*Asegur\u00f3 que se beneficiar\u00e1 tambi\u00e9n a peque\u00f1os y medianos constructores en el otorgamiento de obra p\u00fablica<\/em><\/p>\n\n\n\n<p><strong>Culiac\u00e1n, Sinaloa, a 22 de febrero de 2024.-<\/strong>&nbsp;Con el prop\u00f3sito de revolucionar la econom\u00eda sinaloense, el gobernador Rub\u00e9n Rocha Moya dio a conocer el Plan de Obras 2024-2025, que contempla una inversi\u00f3n estatal de 4 mil 780 millones de pesos para realizar diversas obras de infraestructura urbana en cada uno de los 20 municipios ya que tambi\u00e9n se integran obras civiles para los nuevos ayuntamientos de Eldorado y Juan Jos\u00e9 R\u00edos, tanto de pavimentaci\u00f3n de calles, agua potable, drenajes sanitarios, entre otras acciones, con la participaci\u00f3n de peque\u00f1os y medianos constructores a quienes tambi\u00e9n se les asignar\u00e1n obras p\u00fablicas, no s\u00f3lo a las grandes constructoras.<\/p>\n\n\n\n<p>En el Sal\u00f3n de Gobernadores, acompa\u00f1ado por el secretario de Obras P\u00fablicas, Joaqu\u00edn Landeros G\u00fcicho, y por todas las alcaldesas y alcaldes de Sinaloa, el gobernador Rocha convoc\u00f3 a los medios de comunicaci\u00f3n para anunciar este programa, que abarca tambi\u00e9n hasta el 2025 debido a que considera grandes obras, espec\u00edficamente de movilidad urbana, sobre todo en Culiac\u00e1n, como por ejemplo un malec\u00f3n sobre el margen izquierdo del r\u00edo Culiac\u00e1n, que correr\u00e1 paralelo al bulevar Pedro Infante, en un longitud de 5 kil\u00f3metros 200 metros, y cuyo periodo de construcci\u00f3n ser\u00e1 de 20 meses.<\/p>\n\n\n\n<p>\u201cQueremos revolucionar la econom\u00eda sinaloense porque \u00e9ste es un plan de obras que impacta, porque ustedes saben que la obra p\u00fablica impacta a los acarreadores de materiales, los camioneros, quiero que a todo mundo se les d\u00e9 trabajo, hay obras grandes que vamos a hacer pero no quiero que se las coman s\u00f3lo los grandes constructores, necesito que se incorpore todo mundo y lo van a hacer: el que vende di\u00e9sel, el que vende concreto, van a incorporarse muchos sectores, el sector comercial y mano de obra, pues va a haber mucho trabajo\u201d, asegur\u00f3 el gobernador Rocha.<\/p>\n\n\n\n<p>Por su parte, el secretario de Obras P\u00fablicas, Landeros G\u00fcicho explic\u00f3 que este plan se dise\u00f1\u00f3 en coordinaci\u00f3n con los 18 presidentes y presidentas municipales e incluso hay algunas obras que ya se est\u00e1n construyendo, otras en proceso de licitaci\u00f3n y algunas m\u00e1s que ya cuentan con su correspondiente proyecto ejecutivo para licitarlas.<\/p>\n\n\n\n<p>El funcionario estatal inform\u00f3 que se atender\u00e1n diferentes rubros, como son la pavimentaci\u00f3n de 56 kil\u00f3metros de caminos, con una inversi\u00f3n de 518 millones de pesos; la rehabilitaci\u00f3n y conservaci\u00f3n de 180 kil\u00f3metros de caminos rurales, donde se aplicar\u00e1n 421 millones de pesos; adem\u00e1s inform\u00f3&nbsp; que ya existe un avance en la conservaci\u00f3n de 1 mil 167 kil\u00f3metros de carreteras a destinos tur\u00edsticos.<\/p>\n\n\n\n<p>\u201cContemplamos tambi\u00e9n importantes obras de pavimentaci\u00f3n de calles en todos los municipios con una inversi\u00f3n de 1 mil 700 millones de pesos y vamos a atender 45 mil 700 metros lineales de pavimentaci\u00f3n. En obras de agua potable invertiremos 219 millones de pesos distribuidos en 64 obras, haremos 81 obras de drenaje por m\u00e1s de 232 millones de pesos, 7 obras de deporte por m\u00e1s de 26 millones y en infraestructura urbana realizamos 533 obras por m\u00e1s de 1 mil 500 millones de pesos\u201d, explic\u00f3.<\/p>\n\n\n\n<p>Landeros G\u00fcicho dio a conocer que Culiac\u00e1n es el municipio en donde se realizar\u00e1 la mayor inversi\u00f3n, un total de 2 mil 200 millones de pesos, ya que se desarrollar\u00e1n diversas obras viales para mejorar la movilidad urbana a fin de resolver el congestionamiento vehicular en diversos sectores de la capital. Estos proyectos son denominadas vialidades completas pues incluyen ciclov\u00edas, andadores, camellones centrales, arborizaci\u00f3n y rampas peatonales para personas con discapacidad.<\/p>\n\n\n\n<p>Dentro de las obras relevantes est\u00e1n la intervenci\u00f3n en el puente sobre el r\u00edo Humaya que conectar\u00e1 la ampliaci\u00f3n del bulevar Enrique S\u00e1nchez Alonso con el sector Santa Fe, que consiste en la construcci\u00f3n de un bulevar cuya inversi\u00f3n ser\u00e1 de 180 millones de pesos; una segunda obra es un paso deprimido en el cruce de la carretera M\u00e9xico 15 con el bulevar Orqu\u00eddeas, que es la salida norte de la ciudad, que ser\u00e1 un t\u00fanel de cuatro carriles, adem\u00e1s de un puente sobre el propio t\u00fanel que comunique el bulevar Orqu\u00eddeas y sus respectivos retornos con cuatro cuerpos de carriles laterales, donde se invertir\u00e1n 150 millones de pesos.<\/p>\n\n\n\n<p>El secretario de Obras inform\u00f3 que la mayor obra ser\u00e1 un malec\u00f3n sobre la margen izquierda del r\u00edo Culiac\u00e1n, en un longitud de 5.2 kil\u00f3metros, que comunicar\u00e1 desde el Congreso del Estado hasta el bulevar Las Torres, y que conectar\u00e1 con los puentes que van a la USE y al sector de Valle Alto, mediante cuatro gazas de acceso. Aqu\u00ed se estima una inversi\u00f3n de 600 millones de pesos.<\/p>\n\n\n\n<p>Otra de las obras relevantes es el enlace entre el bulevar Las Torres y el bulevar Ganaderos, mediante la construcci\u00f3n de un bulevar que incluye un puente sobre el canal Diagonal N\u00famero 7, con 135 millones de pesos de inversi\u00f3n; y la quinta obra relevante es el enlace entre el bulevar Agricultores con el Libramiento Sur Benito Ju\u00e1rez, mejor conocido como La Costerita, en su entronque con la carretera Internacional M\u00e9xico 15. Para ello se construir\u00e1 un bulevar de 3.2 kil\u00f3metros para desfogar el tr\u00e1fico de toda la zona sur y oriente, para ofrecer una v\u00eda r\u00e1pida para la salida a Mazatl\u00e1n, y donde se invertir\u00e1n 214 millones de pesos.<\/p>\n\n\n\n<p>A su vez en Mazatl\u00e1n se invertir\u00e1n 329 millones de pesos, y ya est\u00e1 en proceso de licitaci\u00f3n la construcci\u00f3n del paso superior vehicular en el bulevar Luis Donaldo Colosio, cuyo costo ser\u00e1 de 233 millones de pesos, adem\u00e1s de que ya se est\u00e1 pavimentando la primera etapa de la avenida Insurgentes, en su tramo de la avenida Gabriel Leyva a la avenida 13 de Abril, de 32.9 millones de pesos de inversi\u00f3n, y ya est\u00e1 licitada la segunda etapa, que va de esta \u00faltima avenida a la avenida M\u00e9xico \u201968, y el costo de ambas etapas ser\u00e1 de 65 millones de pesos.<\/p>\n\n\n\n<p>Landeros G\u00fcicho inform\u00f3 que en el municipio de Ahome se invertir\u00e1n 143 millones de pesos, y como obras relevantes est\u00e1n contempladas la pavimentaci\u00f3n del bulevar Adolfo L\u00f3pez Mateos, con un presupuesto de 38 millones de pesos, la pavimentaci\u00f3n del camino de la carretera M\u00e9xico 15 a Goros II, de 3.2 kil\u00f3metros con 24 millones de pesos, adem\u00e1s de la rehabilitaci\u00f3n en coordinaci\u00f3n con el Ayuntamiento de 63 obras de drenaje por casi 55 millones de pesos.<\/p>\n\n\n\n<p>El gobernador Rocha tambi\u00e9n se hizo acompa\u00f1ar en la presentaci\u00f3n de este Plan de Obras por el secretario de Administraci\u00f3n y Finanzas, Enrique D\u00edaz Vega; por el encargado del Despacho de la Secretar\u00eda General de Gobierno, el subsecretario Rodolfo Jim\u00e9nez S\u00e1nchez; y por el director del SATES, Ismael Bello Esquivel..<\/p>\n","protected":false},"excerpt":{"rendered":"<p>*Queremos revolucionar la econom\u00eda sinaloense, afirm\u00f3 el gobernador al presentar el Plan de Obras 2024-2025 *Asegur\u00f3 que se beneficiar\u00e1 tambi\u00e9n a peque\u00f1os y medianos constructores en el otorgamiento de obra p\u00fablica Culiac\u00e1n, Sinaloa, a 22 de febrero de 2024.-&nbsp;Con el prop\u00f3sito de revolucionar la econom\u00eda sinaloense, el gobernador Rub\u00e9n Rocha Moya dio a conocer el [&hellip;]<\/p>\n","protected":false},"author":2,"featured_media":5212,"comment_status":"open","ping_status":"open","sticky":false,"template":"","format":"standard","meta":{"_et_pb_use_builder":"","_et_pb_old_content":"","_et_gb_content_width":"","footnotes":""},"categories":[5,6,8,9],"tags":[4,7],"class_list":["post-5211","post","type-post","status-publish","format-standard","has-post-thumbnail","hentry","category-nacional","category-politica","category-sinaloa","category-zona-centro","tag-estatal","tag-portada"],"_links":{"self":[{"href":"https:\/\/zonaagro.com.mx\/noticias\/wp-json\/wp\/v2\/posts\/5211","targetHints":{"allow":["GET"]}}],"collection":[{"href":"https:\/\/zonaagro.com.mx\/noticias\/wp-json\/wp\/v2\/posts"}],"about":[{"href":"https:\/\/zonaagro.com.mx\/noticias\/wp-json\/wp\/v2\/types\/post"}],"author":[{"embeddable":true,"href":"https:\/\/zonaagro.com.mx\/noticias\/wp-json\/wp\/v2\/users\/2"}],"replies":[{"embeddable":true,"href":"https:\/\/zonaagro.com.mx\/noticias\/wp-json\/wp\/v2\/comments?post=5211"}],"version-history":[{"count":0,"href":"https:\/\/zonaagro.com.mx\/noticias\/wp-json\/wp\/v2\/posts\/5211\/revisions"}],"wp:featuredmedia":[{"embeddable":true,"href":"https:\/\/zonaagro.com.mx\/noticias\/wp-json\/wp\/v2\/media\/5212"}],"wp:attachment":[{"href":"https:\/\/zonaagro.com.mx\/noticias\/wp-json\/wp\/v2\/media?parent=5211"}],"wp:term":[{"taxonomy":"category","embeddable":true,"href":"https:\/\/zonaagro.com.mx\/noticias\/wp-json\/wp\/v2\/categories?post=5211"},{"taxonomy":"post_tag","embeddable":true,"href":"https:\/\/zonaagro.com.mx\/noticias\/wp-json\/wp\/v2\/tags?post=5211"}],"curies":[{"name":"wp","href":"https:\/\/api.w.org\/{rel}","templated":true}]}}