{"id":5217,"date":"2024-02-14T18:30:52","date_gmt":"2024-02-14T18:30:52","guid":{"rendered":"https:\/\/zonaagro.com.mx\/noticias\/?p=3430"},"modified":"2024-02-14T18:30:52","modified_gmt":"2024-02-14T18:30:52","slug":"rocha-inaugura-un-paquete-de-obras-sociales-en-angostura","status":"publish","type":"post","link":"https:\/\/zonaagro.com.mx\/noticias\/rocha-inaugura-un-paquete-de-obras-sociales-en-angostura\/","title":{"rendered":"Rocha inaugura un paquete de obras sociales en Angostura"},"content":{"rendered":"\n<p><em>Destaca el suministro de agua potable al CBTA 116, que desde su creaci\u00f3n hace 43 a\u00f1os, no contaba con este servicio<\/em><\/p>\n\n\n\n<p><em>*Adem\u00e1s, el mandatario estatal hizo varios compromisos m\u00e1s, como la construcci\u00f3n de la carretera Capomos-San Isidro, y la ampliaci\u00f3n de la carretera Chinitos a Palmitas, la rehabilitaci\u00f3n de la Casa de la Cultura de Angostura y algunas calles m\u00e1s<\/em><\/p>\n\n\n\n<p><strong>Angostura, Sinaloa, a 14 de febrero de 2024<\/strong>.- Durante una intensa gira de trabajo por el municipio de Angostura, el gobernador Rub\u00e9n Rocha Moya inaugur\u00f3 un paquete de diversas obras de infraestructura urbana por un monto superior a los 14.4 millones de pesos, de entre las que destaca la construcci\u00f3n de una l\u00ednea de conducci\u00f3n de agua potable para el Centro de Estudios de Bachillerato Agropecuario CBTA 116, el cual carec\u00eda de este servicio desde su creaci\u00f3n, hace 43 a\u00f1os.<\/p>\n\n\n\n<p>Precisamente el mandatario estatal inici\u00f3 esta visita a Angostura en dicho plantel educativo, ubicado por la carretera entre las comunidades de Chinitos y Palmitas, para inaugurar el suministro de agua potable, pues como lo consider\u00f3 el alcalde Miguel \u00c1ngel Angulo Acosta, era un crimen mantener a una escuela sin la prestaci\u00f3n de este servicio por parte de las diferentes autoridades a lo largo de estas cuatro d\u00e9cadas, situaci\u00f3n que ya se resolvi\u00f3 de manera definitiva gracias al apoyo del gobernador Rub\u00e9n Rocha Moya.<\/p>\n\n\n\n<p>\u201cEl CBTA tiene 43 a\u00f1os de fundado y no ten\u00eda servicio de agua potable. Desde entonces acarreaban en pipas, en batangas, con lo que pod\u00edan, luego ten\u00edan que subirla a los tinacos y hac\u00edan este trabajo dos, tres veces por semana; pues en esos 43 a\u00f1os nadie hab\u00eda podido, o hab\u00eda querido resolver ese problema, hoy en cuanto me lo hicieron saber, hicimos la gesti\u00f3n con el se\u00f1or gobernador y llegamos a la conclusi\u00f3n que casi era un crimen, un plantel educativo con m\u00e1s de 200 alumnos sin tener agua 43 a\u00f1os\u201d, coment\u00f3 el alcalde Angulo Acosta.<\/p>\n\n\n\n<p>Por su parte, el gobernador Rocha asegur\u00f3 que nadie se quedar\u00e1 sin agua potable ni electrificaci\u00f3n mientras \u00e9l est\u00e9 al frente del Gobierno del Estado, pues record\u00f3 que ya se han construido 150 pozos para abastecer de agua a peque\u00f1as poblaciones rurales, algo que tambi\u00e9n aplic\u00f3 para esta escuela preparatoria t\u00e9cnica.<\/p>\n\n\n\n<p>Durante su mensaje a la comunidad escolar, el gobernador Rocha hizo adem\u00e1s varios compromisos, como la construcci\u00f3n de un complejo de canchas deportivas, una de futbol con c\u00e9sped sint\u00e9tico, y otra cancha de usos m\u00faltiples donde los alumnos podr\u00e1n jugar voleibol y basquetbol. De igual manera, dio instrucciones ah\u00ed mismo v\u00eda telef\u00f3nica al secretario de Administraci\u00f3n, Juan Carlos Vizcarra, para que se adquiera un cami\u00f3n de transporte para los estudiantes, as\u00ed como la instalaci\u00f3n de una subestaci\u00f3n el\u00e9ctrica, necesaria para los talleres y el soporte de los aires acondicionados.<\/p>\n\n\n\n<p>A su vez, el director del CBTA, Ernesto Urqu\u00eddez Dom\u00ednguez le agradeci\u00f3 de manera muy sentida esta obra de agua potable, pues dijo que \u00e9l es egresado de esta instituci\u00f3n. \u201cA\u00fan no me la creo de la felicidad que siento, la verdad, de que haya sido posible esta gran obra porque es una obra inmensa para nosotros, la valoramos y la atesoramos como no tienen idea, porque se dice f\u00e1cil que tenemos m\u00e1s de cuatro d\u00e9cadas batallando con este problema\u201d.<\/p>\n\n\n\n<p>En esta obra de l\u00ednea de conducci\u00f3n de agua potable para el CBTA se aplicaron 1 mill\u00f3n 900 mil pesos, pues fue necesario introducir cuatro kil\u00f3metros de tuber\u00eda para traer el agua desde Palmitas.<\/p>\n\n\n\n<p>Posteriormente, el gobernador Rocha y el alcalde Migue \u00c1ngel Angulo se trasladaron a la cabecera municipal, tambi\u00e9n en compa\u00f1\u00eda del secretario de Obras P\u00fablicas, Joaqu\u00edn Landeros G\u00fcicho, para inaugurar la pavimentaci\u00f3n de la calle Emiliano Zapata, y la rehabilitaci\u00f3n de la calle Gabriel Leyva Solano, en pleno centro hist\u00f3rico, en las cuales se invirtieron 8 millones 730 mil pesos y 3 millones 805 mil respectivamente.<\/p>\n\n\n\n<p>Aqu\u00ed, como es su costumbre, el mandatario estatal mantuvo un di\u00e1logo con los habitantes para conocer otras necesidades y luego de escucharlas se comprometi\u00f3 a darle inmediata respuesta, por ejemplo, a la rehabilitaci\u00f3n de la Casa de la Cultura, y la pavimentaci\u00f3n de las calles 16 de Septiembre y Nicol\u00e1s Bravo.<\/p>\n\n\n\n<p>El gobernador Rocha aprovech\u00f3 para anunciar otras obras de mayor inversi\u00f3n que ya licit\u00f3 su gobierno, como la ampliaci\u00f3n de la carretera de Chinitos a Palmitas, cuya inversi\u00f3n ser\u00e1 de 27 millones de pesos, un programa de construcci\u00f3n de banquetas y guarniciones en la cabecera municipal, donde se aplicar\u00e1n 2.5 millones de pesos, adem\u00e1s de la conclusi\u00f3n de una calle en Playa Colorada, para enseguida empezar con la construcci\u00f3n de un malec\u00f3n en Costa Azul.<\/p>\n\n\n\n<p>\u201cVamos a revisar los casos que me plantearon, y en resumen decirles que vamos a trabajar la -calle- 16 de Septiembre, la Nicol\u00e1s Bravo, vamos a hacer a la carretera de Capomos a San Isidro, vamos a continuar una calle en Playa Colorada, en Costa Azul vamos a hacer el andador y luego le hacemos un maleconcito, tambi\u00e9n vamos a ampliar la carretera -de Chinitos a Palmitas- y voy a llevarme de tarea para ver la respuesta que les daremos a El Saucito y San Antonio, pero la Casa de Cultura ya dije que s\u00ed\u201d, reiter\u00f3 a los habitantes.<\/p>\n","protected":false},"excerpt":{"rendered":"<p>Destaca el suministro de agua potable al CBTA 116, que desde su creaci\u00f3n hace 43 a\u00f1os, no contaba con este servicio *Adem\u00e1s, el mandatario estatal hizo varios compromisos m\u00e1s, como la construcci\u00f3n de la carretera Capomos-San Isidro, y la ampliaci\u00f3n de la carretera Chinitos a Palmitas, la rehabilitaci\u00f3n de la Casa de la Cultura de [&hellip;]<\/p>\n","protected":false},"author":2,"featured_media":5218,"comment_status":"open","ping_status":"open","sticky":false,"template":"","format":"standard","meta":{"_et_pb_use_builder":"","_et_pb_old_content":"","_et_gb_content_width":"","footnotes":""},"categories":[5,6,8,9],"tags":[4,7],"class_list":["post-5217","post","type-post","status-publish","format-standard","has-post-thumbnail","hentry","category-nacional","category-politica","category-sinaloa","category-zona-centro","tag-estatal","tag-portada"],"_links":{"self":[{"href":"https:\/\/zonaagro.com.mx\/noticias\/wp-json\/wp\/v2\/posts\/5217","targetHints":{"allow":["GET"]}}],"collection":[{"href":"https:\/\/zonaagro.com.mx\/noticias\/wp-json\/wp\/v2\/posts"}],"about":[{"href":"https:\/\/zonaagro.com.mx\/noticias\/wp-json\/wp\/v2\/types\/post"}],"author":[{"embeddable":true,"href":"https:\/\/zonaagro.com.mx\/noticias\/wp-json\/wp\/v2\/users\/2"}],"replies":[{"embeddable":true,"href":"https:\/\/zonaagro.com.mx\/noticias\/wp-json\/wp\/v2\/comments?post=5217"}],"version-history":[{"count":0,"href":"https:\/\/zonaagro.com.mx\/noticias\/wp-json\/wp\/v2\/posts\/5217\/revisions"}],"wp:featuredmedia":[{"embeddable":true,"href":"https:\/\/zonaagro.com.mx\/noticias\/wp-json\/wp\/v2\/media\/5218"}],"wp:attachment":[{"href":"https:\/\/zonaagro.com.mx\/noticias\/wp-json\/wp\/v2\/media?parent=5217"}],"wp:term":[{"taxonomy":"category","embeddable":true,"href":"https:\/\/zonaagro.com.mx\/noticias\/wp-json\/wp\/v2\/categories?post=5217"},{"taxonomy":"post_tag","embeddable":true,"href":"https:\/\/zonaagro.com.mx\/noticias\/wp-json\/wp\/v2\/tags?post=5217"}],"curies":[{"name":"wp","href":"https:\/\/api.w.org\/{rel}","templated":true}]}}