{"id":5221,"date":"2024-02-12T16:43:53","date_gmt":"2024-02-12T16:43:53","guid":{"rendered":"https:\/\/zonaagro.com.mx\/noticias\/?p=3424"},"modified":"2024-02-12T16:43:53","modified_gmt":"2024-02-12T16:43:53","slug":"los-trabajadores-del-sector-salud-han-sido-a-los-que-mas-hemos-beneficiado-ruben-rocha-moya","status":"publish","type":"post","link":"https:\/\/zonaagro.com.mx\/noticias\/los-trabajadores-del-sector-salud-han-sido-a-los-que-mas-hemos-beneficiado-ruben-rocha-moya\/","title":{"rendered":"\u201cLos trabajadores del sector salud han sido a los que m\u00e1s hemos beneficiado\u201d, Rub\u00e9n Rocha Moya"},"content":{"rendered":"\n<p><strong>Culiac\u00e1n Sinaloa, 12 de febrero de 2024.-<\/strong>&nbsp;El gobernador de Sinaloa, Dr. Rub\u00e9n Rocha Moya, ratific\u00f3 que en su administraci\u00f3n se tiene un criterio de justicia laboral, su compromiso con las y los trabajadores del sector salud es permanente, sin embargo, tambi\u00e9n se debe atender otras \u00e1reas en este mismo tema.<\/p>\n\n\n\n<p>En el marco de su conferencia semanera, el mandatario estatal extern\u00f3 su mensaje de que \u201cno son los \u00fanicos trabajadores que tiene este gobierno, ni este estado, tenemos que atender a todos, les hemos hecho justicia y estamos en eso, en salud hemos basificado m\u00e1s de dos mil trabajadores que ten\u00edan situaciones precarias, en salud, que quede claro, es el sector que m\u00e1s hemos beneficiado a los trabajadores en mi gobierno, que me esperen tantito, que le den chance a los dem\u00e1s\u201d.<\/p>\n\n\n\n<p>El Secretario de Salud, Dr. Cuitl\u00e1huac Gonz\u00e1lez Galindo, sostuvo un di\u00e1logo con un grupo de enfermeras asegur\u00e1ndoles que sus derechos ser\u00e1n respetados como parte de la justicia laboral que debe imperar en la entidad, \u201cqueremos ayudar y queremos que se vean beneficiadas el mayor n\u00famero de enfermeras posibles, es la indicaci\u00f3n del gobernador, nosotros queremos que sea un proceso transparente como est\u00e1 siendo, y de hecho muy estricto, que est\u00e9n tranquilas de que se est\u00e1 haciendo lo correcto, queremos que sea un proceso donde se d\u00e9 la atenci\u00f3n y los beneficios a quienes lo merecen\u201d.<\/p>\n\n\n\n<p>El proceso de basificaci\u00f3n, profesionalizaci\u00f3n y re categorizaci\u00f3n a trabajadores del gremio de la salud en la entidad contin\u00faa vigente, muestra de ello son las diferentes convocatorias que se han dado a conocer por parte de la Secretar\u00eda de Salud para hacerse los beneficios que vengan a contribuir con su seguridad y mejora laboral.<\/p>\n","protected":false},"excerpt":{"rendered":"<p>Culiac\u00e1n Sinaloa, 12 de febrero de 2024.-&nbsp;El gobernador de Sinaloa, Dr. Rub\u00e9n Rocha Moya, ratific\u00f3 que en su administraci\u00f3n se tiene un criterio de justicia laboral, su compromiso con las y los trabajadores del sector salud es permanente, sin embargo, tambi\u00e9n se debe atender otras \u00e1reas en este mismo tema. En el marco de su [&hellip;]<\/p>\n","protected":false},"author":2,"featured_media":5222,"comment_status":"open","ping_status":"open","sticky":false,"template":"","format":"standard","meta":{"_et_pb_use_builder":"","_et_pb_old_content":"","_et_gb_content_width":"","footnotes":""},"categories":[5,6,8,9],"tags":[4,7],"class_list":["post-5221","post","type-post","status-publish","format-standard","has-post-thumbnail","hentry","category-nacional","category-politica","category-sinaloa","category-zona-centro","tag-estatal","tag-portada"],"_links":{"self":[{"href":"https:\/\/zonaagro.com.mx\/noticias\/wp-json\/wp\/v2\/posts\/5221","targetHints":{"allow":["GET"]}}],"collection":[{"href":"https:\/\/zonaagro.com.mx\/noticias\/wp-json\/wp\/v2\/posts"}],"about":[{"href":"https:\/\/zonaagro.com.mx\/noticias\/wp-json\/wp\/v2\/types\/post"}],"author":[{"embeddable":true,"href":"https:\/\/zonaagro.com.mx\/noticias\/wp-json\/wp\/v2\/users\/2"}],"replies":[{"embeddable":true,"href":"https:\/\/zonaagro.com.mx\/noticias\/wp-json\/wp\/v2\/comments?post=5221"}],"version-history":[{"count":0,"href":"https:\/\/zonaagro.com.mx\/noticias\/wp-json\/wp\/v2\/posts\/5221\/revisions"}],"wp:featuredmedia":[{"embeddable":true,"href":"https:\/\/zonaagro.com.mx\/noticias\/wp-json\/wp\/v2\/media\/5222"}],"wp:attachment":[{"href":"https:\/\/zonaagro.com.mx\/noticias\/wp-json\/wp\/v2\/media?parent=5221"}],"wp:term":[{"taxonomy":"category","embeddable":true,"href":"https:\/\/zonaagro.com.mx\/noticias\/wp-json\/wp\/v2\/categories?post=5221"},{"taxonomy":"post_tag","embeddable":true,"href":"https:\/\/zonaagro.com.mx\/noticias\/wp-json\/wp\/v2\/tags?post=5221"}],"curies":[{"name":"wp","href":"https:\/\/api.w.org\/{rel}","templated":true}]}}