{"id":5227,"date":"2024-05-30T16:44:52","date_gmt":"2024-05-30T16:44:52","guid":{"rendered":"https:\/\/zonaagro.com.mx\/noticias\/?p=3662"},"modified":"2024-05-30T16:44:52","modified_gmt":"2024-05-30T16:44:52","slug":"visita-rocha-moya-el-campus-institucional-salud-digna","status":"publish","type":"post","link":"https:\/\/zonaagro.com.mx\/noticias\/visita-rocha-moya-el-campus-institucional-salud-digna\/","title":{"rendered":"Visita Rocha Moya el Campus Institucional Salud Digna"},"content":{"rendered":"\n<p><strong>Culiac\u00e1n, Sinaloa, a 30 de Mayo de 2024.-<\/strong>&nbsp;El Gobernador del Estado, Rub\u00e9n Rocha Moya, acompa\u00f1ado de Jes\u00fas Vizcarra Calder\u00f3n, Presidente del Consejo de Salud Digna y Juan Carlos Ordo\u00f1ez, Director General de la empresa, recorrieron las instalaciones de su nuevo campus institucional en la capital sinaloense.<\/p>\n\n\n\n<p>Dicho complejo albergar\u00e1 las oficinas centrales de la organizaci\u00f3n y el nuevo Centro Nacional de Referencia Salud Digna, un complejo cl\u00ednico de alto nivel que concentrar\u00e1 tecnolog\u00eda \u00fanica en Latinoam\u00e9rica para el procesamiento automatizado de muestras y estudios a gran escala.<\/p>\n\n\n\n<p>Adem\u00e1s, el proyecto albergar\u00e1 un parque central con diferentes atractivos que promover\u00e1n el deporte, la salud, la cultura y la convivencia familiar. Se tiene previsto que la primera etapa del complejo entre en operaciones en abril de 2025.<\/p>\n\n\n\n<p>El mandatario estatal estuvo acompa\u00f1ado durante su recorrido por Enrique D\u00edaz, Secretario de Administraci\u00f3n y Finanzas.<\/p>\n","protected":false},"excerpt":{"rendered":"<p>Culiac\u00e1n, Sinaloa, a 30 de Mayo de 2024.-&nbsp;El Gobernador del Estado, Rub\u00e9n Rocha Moya, acompa\u00f1ado de Jes\u00fas Vizcarra Calder\u00f3n, Presidente del Consejo de Salud Digna y Juan Carlos Ordo\u00f1ez, Director General de la empresa, recorrieron las instalaciones de su nuevo campus institucional en la capital sinaloense. Dicho complejo albergar\u00e1 las oficinas centrales de la organizaci\u00f3n [&hellip;]<\/p>\n","protected":false},"author":2,"featured_media":5228,"comment_status":"open","ping_status":"open","sticky":false,"template":"","format":"standard","meta":{"_et_pb_use_builder":"","_et_pb_old_content":"","_et_gb_content_width":"","footnotes":""},"categories":[5,6,8,9],"tags":[4,7],"class_list":["post-5227","post","type-post","status-publish","format-standard","has-post-thumbnail","hentry","category-nacional","category-politica","category-sinaloa","category-zona-centro","tag-estatal","tag-portada"],"_links":{"self":[{"href":"https:\/\/zonaagro.com.mx\/noticias\/wp-json\/wp\/v2\/posts\/5227","targetHints":{"allow":["GET"]}}],"collection":[{"href":"https:\/\/zonaagro.com.mx\/noticias\/wp-json\/wp\/v2\/posts"}],"about":[{"href":"https:\/\/zonaagro.com.mx\/noticias\/wp-json\/wp\/v2\/types\/post"}],"author":[{"embeddable":true,"href":"https:\/\/zonaagro.com.mx\/noticias\/wp-json\/wp\/v2\/users\/2"}],"replies":[{"embeddable":true,"href":"https:\/\/zonaagro.com.mx\/noticias\/wp-json\/wp\/v2\/comments?post=5227"}],"version-history":[{"count":0,"href":"https:\/\/zonaagro.com.mx\/noticias\/wp-json\/wp\/v2\/posts\/5227\/revisions"}],"wp:featuredmedia":[{"embeddable":true,"href":"https:\/\/zonaagro.com.mx\/noticias\/wp-json\/wp\/v2\/media\/5228"}],"wp:attachment":[{"href":"https:\/\/zonaagro.com.mx\/noticias\/wp-json\/wp\/v2\/media?parent=5227"}],"wp:term":[{"taxonomy":"category","embeddable":true,"href":"https:\/\/zonaagro.com.mx\/noticias\/wp-json\/wp\/v2\/categories?post=5227"},{"taxonomy":"post_tag","embeddable":true,"href":"https:\/\/zonaagro.com.mx\/noticias\/wp-json\/wp\/v2\/tags?post=5227"}],"curies":[{"name":"wp","href":"https:\/\/api.w.org\/{rel}","templated":true}]}}