{"id":5229,"date":"2024-05-23T15:19:03","date_gmt":"2024-05-23T15:19:03","guid":{"rendered":"https:\/\/zonaagro.com.mx\/noticias\/?p=3659"},"modified":"2024-05-23T15:19:03","modified_gmt":"2024-05-23T15:19:03","slug":"conmemora-gobierno-de-sinaloa-el-134-aniversario-del-nacimiento-de-rafael-buelna-tenorio-el-granito-de-oro","status":"publish","type":"post","link":"https:\/\/zonaagro.com.mx\/noticias\/conmemora-gobierno-de-sinaloa-el-134-aniversario-del-nacimiento-de-rafael-buelna-tenorio-el-granito-de-oro\/","title":{"rendered":"Conmemora Gobierno de Sinaloa el 134 Aniversario del Nacimiento de Rafael Buelna Tenorio, &#8216;El Granito de Oro&#8217;"},"content":{"rendered":"\n<p><strong>Culiac\u00e1n, Sinaloa, 23 de mayo de 2024. \u2013<\/strong>&nbsp;Con la representaci\u00f3n del gobernador del estado, Rub\u00e9n Rocha Moya, el director general del Colegio de Bachilleres del Estado de Sinaloa (COBAES), Santiago Inzunza C\u00e1zares, acompa\u00f1ado de autoridades de los tres niveles de gobierno, conmemoraron con acto c\u00edvico el 134 Aniversario del Nacimiento de Rafael Buelna Tenorio, &#8216;El Granito de Oro&#8217;, en la explanada de Palacio de Gobierno.<\/p>\n\n\n\n<p>En el evento c\u00edvico, que se realiz\u00f3 en las instalaciones del edificio que alberga el Poder Ejecutivo de Sinaloa, los asistentes presenciaron el izamiento de Bandera a toda asta con honores de ordenanza y entonaron el Himno Nacional Mexicano, con el acompa\u00f1amiento de las y los alumnos que integran la Escolta de Bandera y Banda de Guerra del COBAES 23 \u201cProfra. Mar\u00eda Trinidad Dorame\u201d.<\/p>\n\n\n\n<p>Tras finalizar las actividades antes mencionadas, las autoridades presentes se desplazaron hacia la Rotonda de los Sinaloenses Ilustres frente al Pante\u00f3n Civil, en donde se llev\u00f3 a cabo una guardia de honor con un minuto de silencio, y posteriormente, se efectu\u00f3 una breve lectura de la vida del general Buelna Tenorio.<\/p>\n\n\n\n<p>Rafael Buelna Tenorio, originario de Mocorito, Sinaloa, naci\u00f3 en el a\u00f1o de 1890; lleg\u00f3 a ser el General m\u00e1s joven de la Revoluci\u00f3n Mexicana. Su ejemplar vida, de ofrenda y pasi\u00f3n al servicio de la Patria, sirve de gu\u00eda para las nuevas generaciones.<\/p>\n\n\n\n<p>Los m\u00e9ritos de Buelna fueron producto de una vida de lucha, sacrificios y renuncias personales, pero tambi\u00e9n de triunfos en aras de una fuerte naturaleza social, ya que fue enemigo de la injusticia y desigualdad. La muerte lo alcanz\u00f3 en 1924 en las goteras de la Plaza de Morelia; ah\u00ed muri\u00f3 el hombre y tambi\u00e9n naci\u00f3 la leyenda de \u00abEl Granito de Oro\u201d.<\/p>\n\n\n\n<p>En ambos eventos estuvieron presentes: el presidente de la Mesa Directiva del Congreso del Estado, Ricardo Madrid P\u00e9rez; el presidente del Supremo Tribunal de Justicia del Estado de Sinaloa, Magdo. Jes\u00fas Iv\u00e1n Ch\u00e1vez Rangel; el secretario del H. Ayuntamiento de Culiac\u00e1n, Ricardo Arturo Sainz L\u00f3pez; as\u00ed como directores de \u00e1reas y jefes de departamento de COBAES.<\/p>\n","protected":false},"excerpt":{"rendered":"<p>Culiac\u00e1n, Sinaloa, 23 de mayo de 2024. \u2013&nbsp;Con la representaci\u00f3n del gobernador del estado, Rub\u00e9n Rocha Moya, el director general del Colegio de Bachilleres del Estado de Sinaloa (COBAES), Santiago Inzunza C\u00e1zares, acompa\u00f1ado de autoridades de los tres niveles de gobierno, conmemoraron con acto c\u00edvico el 134 Aniversario del Nacimiento de Rafael Buelna Tenorio, &#8216;El [&hellip;]<\/p>\n","protected":false},"author":2,"featured_media":5230,"comment_status":"open","ping_status":"open","sticky":false,"template":"","format":"standard","meta":{"_et_pb_use_builder":"","_et_pb_old_content":"","_et_gb_content_width":"","footnotes":""},"categories":[5,8,9],"tags":[4,7],"class_list":["post-5229","post","type-post","status-publish","format-standard","has-post-thumbnail","hentry","category-nacional","category-sinaloa","category-zona-centro","tag-estatal","tag-portada"],"_links":{"self":[{"href":"https:\/\/zonaagro.com.mx\/noticias\/wp-json\/wp\/v2\/posts\/5229","targetHints":{"allow":["GET"]}}],"collection":[{"href":"https:\/\/zonaagro.com.mx\/noticias\/wp-json\/wp\/v2\/posts"}],"about":[{"href":"https:\/\/zonaagro.com.mx\/noticias\/wp-json\/wp\/v2\/types\/post"}],"author":[{"embeddable":true,"href":"https:\/\/zonaagro.com.mx\/noticias\/wp-json\/wp\/v2\/users\/2"}],"replies":[{"embeddable":true,"href":"https:\/\/zonaagro.com.mx\/noticias\/wp-json\/wp\/v2\/comments?post=5229"}],"version-history":[{"count":0,"href":"https:\/\/zonaagro.com.mx\/noticias\/wp-json\/wp\/v2\/posts\/5229\/revisions"}],"wp:featuredmedia":[{"embeddable":true,"href":"https:\/\/zonaagro.com.mx\/noticias\/wp-json\/wp\/v2\/media\/5230"}],"wp:attachment":[{"href":"https:\/\/zonaagro.com.mx\/noticias\/wp-json\/wp\/v2\/media?parent=5229"}],"wp:term":[{"taxonomy":"category","embeddable":true,"href":"https:\/\/zonaagro.com.mx\/noticias\/wp-json\/wp\/v2\/categories?post=5229"},{"taxonomy":"post_tag","embeddable":true,"href":"https:\/\/zonaagro.com.mx\/noticias\/wp-json\/wp\/v2\/tags?post=5229"}],"curies":[{"name":"wp","href":"https:\/\/api.w.org\/{rel}","templated":true}]}}