{"id":5237,"date":"2024-05-12T17:47:49","date_gmt":"2024-05-12T17:47:49","guid":{"rendered":"https:\/\/zonaagro.com.mx\/noticias\/?p=3647"},"modified":"2024-05-12T17:47:49","modified_gmt":"2024-05-12T17:47:49","slug":"rocha-festeja-a-las-madres-del-sistema-dif-sinaloa","status":"publish","type":"post","link":"https:\/\/zonaagro.com.mx\/noticias\/rocha-festeja-a-las-madres-del-sistema-dif-sinaloa\/","title":{"rendered":"Rocha festeja a las madres del Sistema DIF Sinaloa"},"content":{"rendered":"\n<p><strong>Culiac\u00e1n, Sinaloa, a 09 de mayo de 2024.-&nbsp;<\/strong>El gobernador Rub\u00e9n Rocha Moya festej\u00f3 de manera anticipada con motivo del D\u00eda de las Madres a mujeres jefas de familia que laboran en el Sistema DIF Sinaloa, as\u00ed como a damas que encabezan los Voluntariados de esta noble instituci\u00f3n.<\/p>\n\n\n\n<p>En compa\u00f1\u00eda de su hija, la doctora Eneyda Rocha Ruiz, en su calidad de anfitriona, el gobernador Rocha salud\u00f3 a todas las madres que asistieron a un desayuno ofrecido por el DIF.<\/p>\n\n\n\n<p>Tambi\u00e9n departieron en esta amena reuni\u00f3n las funcionarias del gabinete estatal y las encargadas de Despacho de Secretar\u00edas.<\/p>\n\n\n\n<p><\/p>\n","protected":false},"excerpt":{"rendered":"<p>Culiac\u00e1n, Sinaloa, a 09 de mayo de 2024.-&nbsp;El gobernador Rub\u00e9n Rocha Moya festej\u00f3 de manera anticipada con motivo del D\u00eda de las Madres a mujeres jefas de familia que laboran en el Sistema DIF Sinaloa, as\u00ed como a damas que encabezan los Voluntariados de esta noble instituci\u00f3n. En compa\u00f1\u00eda de su hija, la doctora Eneyda [&hellip;]<\/p>\n","protected":false},"author":2,"featured_media":5238,"comment_status":"open","ping_status":"open","sticky":false,"template":"","format":"standard","meta":{"_et_pb_use_builder":"","_et_pb_old_content":"","_et_gb_content_width":"","footnotes":""},"categories":[5,6,8,9],"tags":[4,7],"class_list":["post-5237","post","type-post","status-publish","format-standard","has-post-thumbnail","hentry","category-nacional","category-politica","category-sinaloa","category-zona-centro","tag-estatal","tag-portada"],"_links":{"self":[{"href":"https:\/\/zonaagro.com.mx\/noticias\/wp-json\/wp\/v2\/posts\/5237","targetHints":{"allow":["GET"]}}],"collection":[{"href":"https:\/\/zonaagro.com.mx\/noticias\/wp-json\/wp\/v2\/posts"}],"about":[{"href":"https:\/\/zonaagro.com.mx\/noticias\/wp-json\/wp\/v2\/types\/post"}],"author":[{"embeddable":true,"href":"https:\/\/zonaagro.com.mx\/noticias\/wp-json\/wp\/v2\/users\/2"}],"replies":[{"embeddable":true,"href":"https:\/\/zonaagro.com.mx\/noticias\/wp-json\/wp\/v2\/comments?post=5237"}],"version-history":[{"count":0,"href":"https:\/\/zonaagro.com.mx\/noticias\/wp-json\/wp\/v2\/posts\/5237\/revisions"}],"wp:featuredmedia":[{"embeddable":true,"href":"https:\/\/zonaagro.com.mx\/noticias\/wp-json\/wp\/v2\/media\/5238"}],"wp:attachment":[{"href":"https:\/\/zonaagro.com.mx\/noticias\/wp-json\/wp\/v2\/media?parent=5237"}],"wp:term":[{"taxonomy":"category","embeddable":true,"href":"https:\/\/zonaagro.com.mx\/noticias\/wp-json\/wp\/v2\/categories?post=5237"},{"taxonomy":"post_tag","embeddable":true,"href":"https:\/\/zonaagro.com.mx\/noticias\/wp-json\/wp\/v2\/tags?post=5237"}],"curies":[{"name":"wp","href":"https:\/\/api.w.org\/{rel}","templated":true}]}}