{"id":5241,"date":"2024-05-01T16:17:04","date_gmt":"2024-05-01T16:17:04","guid":{"rendered":"https:\/\/zonaagro.com.mx\/noticias\/?p=3641"},"modified":"2024-05-01T16:17:04","modified_gmt":"2024-05-01T16:17:04","slug":"encabeza-secretario-de-salud-izamiento-por-conmemoracion-del-dia-internacional-del-trabajo","status":"publish","type":"post","link":"https:\/\/zonaagro.com.mx\/noticias\/encabeza-secretario-de-salud-izamiento-por-conmemoracion-del-dia-internacional-del-trabajo\/","title":{"rendered":"Encabeza secretario de Salud izamiento por conmemoraci\u00f3n del D\u00eda Internacional del Trabajo"},"content":{"rendered":"\n<p><em>El Secretario de Salud estuvo acompa\u00f1ado de funcionarios de los tres niveles de Gobierno as\u00ed como trabajadores de la salud en Sinaloa<\/em><\/p>\n\n\n\n<p><strong>Culiac\u00e1n, Sinaloa, 1 mayo del 2024.-<\/strong>&nbsp;El secretario de Salud Cuitl\u00e1huac Gonz\u00e1lez Galindo encabez\u00f3 el izamiento de bandera en conmemoraci\u00f3n del D\u00eda Internacional del Trabajo, este 01 de mayo.<\/p>\n\n\n\n<p>Junto a diversas autoridades civiles y militares se llev\u00f3 a cabo un izamiento de bandera a toda asta y con Honores de Ordenanza en la plaza c\u00edvica de Palacio de Gobierno.<\/p>\n\n\n\n<p>En representaci\u00f3n del gobernador Rub\u00e9n Rocha Moya, el secretario Gonz\u00e1lez Galindo encabez\u00f3 este acto conmemorativo acompa\u00f1ado del presidente de la Mesa Directiva del H. Congreso del Estado de Sinaloa Ricardo Madrid P\u00e9rez, el presidente del Supremo Tribunal de Justicia Jes\u00fas Iv\u00e1n Ch\u00e1vez Rangel, la secretaria de Bienestar Municipal, Aline Krystabel Guerra Garc\u00eda, la encargada del despacho de la Secretar\u00eda de Educaci\u00f3n P\u00fablica y Cultura (SEPyC), Catalina Esparza Navarrete, la secretaria de Acuacultura y Pesca, Flor Emilia Guerra Mena, as\u00ed como representantes de la 9\/a Zona Militar y Guardia Nacional.<\/p>\n\n\n\n<p>Adem\u00e1s, el secretario de Salud estuvo acompa\u00f1ado por personal de la Secretar\u00eda de Salud y de Servicios de Salud del estado de Sinaloa.<\/p>\n\n\n\n<p>El D\u00eda del Trabajo se conmemora internacionalmente desde 1889, como homenaje a los obreros sindicalistas anarquistas de Chicago, el 01 de mayo se reivindica la lucha por los derechos laborales.<\/p>\n\n\n\n<p>Con el transcurso del tiempo, la conmemoraci\u00f3n de esta fecha se convirti\u00f3 en una celebraci\u00f3n tradicional, en la que se hace \u00e9nfasis en la lucha por mejorar las condiciones laborales de los trabajadores.<\/p>\n","protected":false},"excerpt":{"rendered":"<p>El Secretario de Salud estuvo acompa\u00f1ado de funcionarios de los tres niveles de Gobierno as\u00ed como trabajadores de la salud en Sinaloa Culiac\u00e1n, Sinaloa, 1 mayo del 2024.-&nbsp;El secretario de Salud Cuitl\u00e1huac Gonz\u00e1lez Galindo encabez\u00f3 el izamiento de bandera en conmemoraci\u00f3n del D\u00eda Internacional del Trabajo, este 01 de mayo. Junto a diversas autoridades civiles [&hellip;]<\/p>\n","protected":false},"author":2,"featured_media":5242,"comment_status":"open","ping_status":"open","sticky":false,"template":"","format":"standard","meta":{"_et_pb_use_builder":"","_et_pb_old_content":"","_et_gb_content_width":"","footnotes":""},"categories":[5,8,9],"tags":[4,7],"class_list":["post-5241","post","type-post","status-publish","format-standard","has-post-thumbnail","hentry","category-nacional","category-sinaloa","category-zona-centro","tag-estatal","tag-portada"],"_links":{"self":[{"href":"https:\/\/zonaagro.com.mx\/noticias\/wp-json\/wp\/v2\/posts\/5241","targetHints":{"allow":["GET"]}}],"collection":[{"href":"https:\/\/zonaagro.com.mx\/noticias\/wp-json\/wp\/v2\/posts"}],"about":[{"href":"https:\/\/zonaagro.com.mx\/noticias\/wp-json\/wp\/v2\/types\/post"}],"author":[{"embeddable":true,"href":"https:\/\/zonaagro.com.mx\/noticias\/wp-json\/wp\/v2\/users\/2"}],"replies":[{"embeddable":true,"href":"https:\/\/zonaagro.com.mx\/noticias\/wp-json\/wp\/v2\/comments?post=5241"}],"version-history":[{"count":0,"href":"https:\/\/zonaagro.com.mx\/noticias\/wp-json\/wp\/v2\/posts\/5241\/revisions"}],"wp:featuredmedia":[{"embeddable":true,"href":"https:\/\/zonaagro.com.mx\/noticias\/wp-json\/wp\/v2\/media\/5242"}],"wp:attachment":[{"href":"https:\/\/zonaagro.com.mx\/noticias\/wp-json\/wp\/v2\/media?parent=5241"}],"wp:term":[{"taxonomy":"category","embeddable":true,"href":"https:\/\/zonaagro.com.mx\/noticias\/wp-json\/wp\/v2\/categories?post=5241"},{"taxonomy":"post_tag","embeddable":true,"href":"https:\/\/zonaagro.com.mx\/noticias\/wp-json\/wp\/v2\/tags?post=5241"}],"curies":[{"name":"wp","href":"https:\/\/api.w.org\/{rel}","templated":true}]}}