{"id":5252,"date":"2024-04-09T16:13:18","date_gmt":"2024-04-09T16:13:18","guid":{"rendered":"https:\/\/zonaagro.com.mx\/noticias\/?p=3570"},"modified":"2024-04-09T16:13:18","modified_gmt":"2024-04-09T16:13:18","slug":"en-mayo-y-julio-entraran-en-operacion-el-hps-y-el-nuevo-hospital-general-de-culiacan","status":"publish","type":"post","link":"https:\/\/zonaagro.com.mx\/noticias\/en-mayo-y-julio-entraran-en-operacion-el-hps-y-el-nuevo-hospital-general-de-culiacan\/","title":{"rendered":"En mayo y julio entrar\u00e1n en operaci\u00f3n el HPS y el nuevo Hospital General de Culiac\u00e1n"},"content":{"rendered":"\n<p><em>El gobernador Rub\u00e9n Rocha Moya asisti\u00f3 a Palacio Nacional a la conferencia matutina del presidente Andr\u00e9s Manuel L\u00f3pez Obrador<\/em><\/p>\n\n\n\n<p><strong>Ciudad de M\u00e9xico, a 09 de abril de 2024.-<\/strong>&nbsp;A invitaci\u00f3n del presidente de la Rep\u00fablica, Andr\u00e9s Manuel L\u00f3pez Obrador, el gobernador Rub\u00e9n Rocha Moya asisti\u00f3 a Palacio Nacional para estar presente junto con otros 22 gobernadores y gobernadoras del pa\u00eds, en la presentaci\u00f3n del avance del Programa IMSS Bienestar, donde se inform\u00f3 sobre la pr\u00f3xima entrada en operaci\u00f3n del Hospital Pedi\u00e1trico de Sinaloa y del nuevo Hospital General de Culiac\u00e1n.<\/p>\n\n\n\n<p>Luego de dar la bienvenida y agradecer la asistencia de las 23 gobernadoras y gobernadores, cuyos estados se adhirieron a este nuevo modelo de salud p\u00fablica, el presidente de M\u00e9xico dio la palabra al secretario de Salud, Jorge Alcocer y al director del IMSS Bienestar, Zo\u00e9 Robledo para informar los avances de este programa que atiende a 53.2 millones de beneficiarios que no cuentan con seguridad social, por medio de 635 hospitales generales y 11 mil 913 Centros de Salud.<\/p>\n\n\n\n<p>En el caso de Sinaloa, el titular del IMSS anunci\u00f3 que el Hospital Pedi\u00e1trico de Sinaloa entrar\u00e1 en operaci\u00f3n en mayo, con 67 camas y 4 quir\u00f3fanos, pues actualmente ya s\u00f3lo est\u00e1 en la etapa de pruebas.<\/p>\n\n\n\n<p>Zo\u00e9 Robledo a\u00f1adi\u00f3 que tambi\u00e9n en julio de este mismo a\u00f1o entrar\u00e1 en operaci\u00f3n el nuevo Hospital General de Culiac\u00e1n, el ubicado en la salida a Imala, el cual contar\u00e1 con 120 camas y 9 quir\u00f3fanos, y que durante la pandemia se habilit\u00f3 un \u00e1rea que fue operada por la Secretar\u00eda de la Defensa Nacional.<\/p>\n","protected":false},"excerpt":{"rendered":"<p>El gobernador Rub\u00e9n Rocha Moya asisti\u00f3 a Palacio Nacional a la conferencia matutina del presidente Andr\u00e9s Manuel L\u00f3pez Obrador Ciudad de M\u00e9xico, a 09 de abril de 2024.-&nbsp;A invitaci\u00f3n del presidente de la Rep\u00fablica, Andr\u00e9s Manuel L\u00f3pez Obrador, el gobernador Rub\u00e9n Rocha Moya asisti\u00f3 a Palacio Nacional para estar presente junto con otros 22 gobernadores [&hellip;]<\/p>\n","protected":false},"author":2,"featured_media":5253,"comment_status":"open","ping_status":"open","sticky":false,"template":"","format":"standard","meta":{"_et_pb_use_builder":"","_et_pb_old_content":"","_et_gb_content_width":"","footnotes":""},"categories":[5,6,8,9],"tags":[4,7],"class_list":["post-5252","post","type-post","status-publish","format-standard","has-post-thumbnail","hentry","category-nacional","category-politica","category-sinaloa","category-zona-centro","tag-estatal","tag-portada"],"_links":{"self":[{"href":"https:\/\/zonaagro.com.mx\/noticias\/wp-json\/wp\/v2\/posts\/5252","targetHints":{"allow":["GET"]}}],"collection":[{"href":"https:\/\/zonaagro.com.mx\/noticias\/wp-json\/wp\/v2\/posts"}],"about":[{"href":"https:\/\/zonaagro.com.mx\/noticias\/wp-json\/wp\/v2\/types\/post"}],"author":[{"embeddable":true,"href":"https:\/\/zonaagro.com.mx\/noticias\/wp-json\/wp\/v2\/users\/2"}],"replies":[{"embeddable":true,"href":"https:\/\/zonaagro.com.mx\/noticias\/wp-json\/wp\/v2\/comments?post=5252"}],"version-history":[{"count":0,"href":"https:\/\/zonaagro.com.mx\/noticias\/wp-json\/wp\/v2\/posts\/5252\/revisions"}],"wp:featuredmedia":[{"embeddable":true,"href":"https:\/\/zonaagro.com.mx\/noticias\/wp-json\/wp\/v2\/media\/5253"}],"wp:attachment":[{"href":"https:\/\/zonaagro.com.mx\/noticias\/wp-json\/wp\/v2\/media?parent=5252"}],"wp:term":[{"taxonomy":"category","embeddable":true,"href":"https:\/\/zonaagro.com.mx\/noticias\/wp-json\/wp\/v2\/categories?post=5252"},{"taxonomy":"post_tag","embeddable":true,"href":"https:\/\/zonaagro.com.mx\/noticias\/wp-json\/wp\/v2\/tags?post=5252"}],"curies":[{"name":"wp","href":"https:\/\/api.w.org\/{rel}","templated":true}]}}