{"id":5254,"date":"2024-04-08T20:23:10","date_gmt":"2024-04-08T20:23:10","guid":{"rendered":"https:\/\/zonaagro.com.mx\/noticias\/?p=3567"},"modified":"2024-04-08T20:23:10","modified_gmt":"2024-04-08T20:23:10","slug":"amlo-y-rocha-observan-el-eclipse-solar-desde-mazatlan","status":"publish","type":"post","link":"https:\/\/zonaagro.com.mx\/noticias\/amlo-y-rocha-observan-el-eclipse-solar-desde-mazatlan\/","title":{"rendered":"AMLO y Rocha observan el eclipse solar desde Mazatl\u00e1n"},"content":{"rendered":"\n<p><strong>Mazatl\u00e1n, Sinaloa, a 8 de abril de 2024.-<\/strong>&nbsp;El presidente de la Rep\u00fablica, Andr\u00e9s Manuel L\u00f3pez Obrador presenci\u00f3 junto con el gobernador Rub\u00e9n Rocha Moya el eclipse total de sol, desde las instalaciones de la Tercera Regi\u00f3n Militar, lugar donde se desarrolla la conferencia de prensa matutina del presidente de la Naci\u00f3n.<\/p>\n\n\n\n<p>Cabe destacar que el presidente L\u00f3pez Obrador decidi\u00f3 realizar su conferencia en Mazatl\u00e1n, para aprovechar su estancia en el puerto y presenciar este fen\u00f3meno astron\u00f3mico, que es el lugar donde se observar\u00e1 en toda su plenitud el eclipse, que podr\u00e1 ser visto en una franja que atravesar\u00e1 los pa\u00edses de Canad\u00e1, Estados Unidos y M\u00e9xico.<\/p>\n\n\n\n<p>Durante el fen\u00f3meno, la cient\u00edfica y astr\u00f3noma Silvia Torres Peimbert hizo una explicaci\u00f3n detallada de la evoluci\u00f3n del eclipse, as\u00ed como una rese\u00f1a del n\u00famero de estos fen\u00f3menos a lo largo de la historia en los \u00faltimos 50 a\u00f1os en M\u00e9xico.<\/p>\n\n\n\n<p>Enseguida, la doctora Ana Torres Campos hizo una explicaci\u00f3n sobre la manera segura de observar el eclipse, a trav\u00e9s de una caja para proyectar el reflejo de la luz en el interior de la misma.<\/p>\n","protected":false},"excerpt":{"rendered":"<p>Mazatl\u00e1n, Sinaloa, a 8 de abril de 2024.-&nbsp;El presidente de la Rep\u00fablica, Andr\u00e9s Manuel L\u00f3pez Obrador presenci\u00f3 junto con el gobernador Rub\u00e9n Rocha Moya el eclipse total de sol, desde las instalaciones de la Tercera Regi\u00f3n Militar, lugar donde se desarrolla la conferencia de prensa matutina del presidente de la Naci\u00f3n. Cabe destacar que el [&hellip;]<\/p>\n","protected":false},"author":2,"featured_media":5255,"comment_status":"open","ping_status":"open","sticky":false,"template":"","format":"standard","meta":{"_et_pb_use_builder":"","_et_pb_old_content":"","_et_gb_content_width":"","footnotes":""},"categories":[5,6,8,9],"tags":[4,7],"class_list":["post-5254","post","type-post","status-publish","format-standard","has-post-thumbnail","hentry","category-nacional","category-politica","category-sinaloa","category-zona-centro","tag-estatal","tag-portada"],"_links":{"self":[{"href":"https:\/\/zonaagro.com.mx\/noticias\/wp-json\/wp\/v2\/posts\/5254","targetHints":{"allow":["GET"]}}],"collection":[{"href":"https:\/\/zonaagro.com.mx\/noticias\/wp-json\/wp\/v2\/posts"}],"about":[{"href":"https:\/\/zonaagro.com.mx\/noticias\/wp-json\/wp\/v2\/types\/post"}],"author":[{"embeddable":true,"href":"https:\/\/zonaagro.com.mx\/noticias\/wp-json\/wp\/v2\/users\/2"}],"replies":[{"embeddable":true,"href":"https:\/\/zonaagro.com.mx\/noticias\/wp-json\/wp\/v2\/comments?post=5254"}],"version-history":[{"count":0,"href":"https:\/\/zonaagro.com.mx\/noticias\/wp-json\/wp\/v2\/posts\/5254\/revisions"}],"wp:featuredmedia":[{"embeddable":true,"href":"https:\/\/zonaagro.com.mx\/noticias\/wp-json\/wp\/v2\/media\/5255"}],"wp:attachment":[{"href":"https:\/\/zonaagro.com.mx\/noticias\/wp-json\/wp\/v2\/media?parent=5254"}],"wp:term":[{"taxonomy":"category","embeddable":true,"href":"https:\/\/zonaagro.com.mx\/noticias\/wp-json\/wp\/v2\/categories?post=5254"},{"taxonomy":"post_tag","embeddable":true,"href":"https:\/\/zonaagro.com.mx\/noticias\/wp-json\/wp\/v2\/tags?post=5254"}],"curies":[{"name":"wp","href":"https:\/\/api.w.org\/{rel}","templated":true}]}}