{"id":5274,"date":"2024-07-10T12:41:53","date_gmt":"2024-07-10T12:41:53","guid":{"rendered":"https:\/\/zonaagro.com.mx\/noticias\/?p=3738"},"modified":"2024-07-10T12:41:53","modified_gmt":"2024-07-10T12:41:53","slug":"anuncia-rocha-moya-un-nuevo-plantel-escolar-en-las-coloradas","status":"publish","type":"post","link":"https:\/\/zonaagro.com.mx\/noticias\/anuncia-rocha-moya-un-nuevo-plantel-escolar-en-las-coloradas\/","title":{"rendered":"Anuncia Rocha Moya un nuevo plantel escolar en Las Coloradas"},"content":{"rendered":"\n<p><em>*Al inaugurar nueva infraestructura vial en dicha colonia y en la Campesina El Barrio, el Gobernador destac\u00f3 que estas millonarias inversiones simbolizan promesas cumplidas al pueblo.<\/em><\/p>\n\n\n\n<p><strong>Culiac\u00e1n, Sinaloa, a 10 de Julio de 2024.-<\/strong>&nbsp;Gracias, nunca antes nos hab\u00edan volteado a ver, externaron los vecinos de las colonias Las Coloradas y Campesina El Barrio, al Gobernador Rub\u00e9n Rocha Moya, durante un recorrido de trabajo en el que estuvo acompa\u00f1ado por el Alcalde de Culiac\u00e1n, Juan de Dios G\u00e1mez Mend\u00edvil y por el Secretario de Obras P\u00fablicas, Joaqu\u00edn Alberto Landeros G\u00fcicho, en el que inauguraron diversos tramos de pavimentaci\u00f3n en ambos sectores.<\/p>\n\n\n\n<p>Teniendo como punto de inicio la esquina de las calles San Juli\u00e1n y Palo Santo de Las Coloradas, el mandatario estatal se\u00f1al\u00f3 que la inversi\u00f3n de 7 millones 390 mil pesos en este sector, donde se pavimentaron dos tramos de calle con una longitud de 312 metros lineales y 2 mil 540 metros cuadrados de superficie, es una muestra de que sabe honrar su palabra, expresi\u00f3n que aprovech\u00f3 para hacer una nueva promesa a los vecinos presentes en el evento.<\/p>\n\n\n\n<p>\u00abMe voy a comprometer con ustedes a que si me encuentran un terreno para hacer la escuela, les vamos a hacer una escuela aqu\u00ed. Hay muchos ni\u00f1os para ac\u00e1, es mejor, es mucho mejor, ver el tema de la escuela ac\u00e1, a que tengan que batallar para ir m\u00e1s all\u00e1, es un compromiso, \u00bfqu\u00e9 les dijo Juan de Dios? Uno de nuestros principios es no mentir, \u00bfde acuerdo? Si se los dije es porque vamos a buscar el terreno, Joaqu\u00edn, m\u00edralo con Hugo Echave, para efecto de hacer la escuela, hacerles una escuelita bonita aqu\u00ed\u00bb, se\u00f1al\u00f3 el Gobernador.<\/p>\n\n\n\n<p>Al llegar al segundo punto del recorrido, ubicado en calle Alcapule de la colonia Campesina El Barrio, cuya inversi\u00f3n total fue de 4 millones 871 mil pesos, el Alcalde Juan de Dios G\u00e1mez Mend\u00edvil destac\u00f3 que los 234 metros lineales y 1966 metros cuadrados de esta vialidad es el nuevo rostro que brinda a los sectores vulnerables la pol\u00edtica de transformaci\u00f3n impulsada desde el Gobierno Federal que encabeza el Presidente L\u00f3pez Obrador, cuya premisa principal es honrar al pueblo en el olvido.<\/p>\n\n\n\n<p>\u00abHac\u00edamos la reflexi\u00f3n de lo que verdaderamente representa la transformaci\u00f3n, \u00bfqu\u00e9 es lo que estamos transformando? La oscuridad, la desigualdad, el abandono ahorita dec\u00eda Javier (beneficiario), aqu\u00ed est\u00e1bamos abandonados, \u00bfporque lo estamos transformando? Por el bienestar de la gente, por la dignidad, por mejorar las condiciones de vida\u00bb, concluy\u00f3 G\u00e1mez Mend\u00edvil.<\/p>\n\n\n\n<p>En esta gira de trabajo, el Gobernador estuvo acompa\u00f1ado por Mar\u00eda del Carmen Morales, Secretaria de Obras y Servicios P\u00fablicos, Regidores y funcionarios municipales, los ciudadanos Javier Beltr\u00e1n \u00c1vila y Dalia Azucena L\u00f3pez Le\u00f3n, en representaci\u00f3n de los beneficiarios, as\u00ed como las diputadas locales electas Erika Mart\u00ednez y Arely Ruiz y la Diputada Federal Merary Villegas S\u00e1nchez.<\/p>\n","protected":false},"excerpt":{"rendered":"<p>*Al inaugurar nueva infraestructura vial en dicha colonia y en la Campesina El Barrio, el Gobernador destac\u00f3 que estas millonarias inversiones simbolizan promesas cumplidas al pueblo. Culiac\u00e1n, Sinaloa, a 10 de Julio de 2024.-&nbsp;Gracias, nunca antes nos hab\u00edan volteado a ver, externaron los vecinos de las colonias Las Coloradas y Campesina El Barrio, al Gobernador [&hellip;]<\/p>\n","protected":false},"author":2,"featured_media":5275,"comment_status":"open","ping_status":"open","sticky":false,"template":"","format":"standard","meta":{"_et_pb_use_builder":"","_et_pb_old_content":"","_et_gb_content_width":"","footnotes":""},"categories":[5,8,9],"tags":[4,7],"class_list":["post-5274","post","type-post","status-publish","format-standard","has-post-thumbnail","hentry","category-nacional","category-sinaloa","category-zona-centro","tag-estatal","tag-portada"],"_links":{"self":[{"href":"https:\/\/zonaagro.com.mx\/noticias\/wp-json\/wp\/v2\/posts\/5274","targetHints":{"allow":["GET"]}}],"collection":[{"href":"https:\/\/zonaagro.com.mx\/noticias\/wp-json\/wp\/v2\/posts"}],"about":[{"href":"https:\/\/zonaagro.com.mx\/noticias\/wp-json\/wp\/v2\/types\/post"}],"author":[{"embeddable":true,"href":"https:\/\/zonaagro.com.mx\/noticias\/wp-json\/wp\/v2\/users\/2"}],"replies":[{"embeddable":true,"href":"https:\/\/zonaagro.com.mx\/noticias\/wp-json\/wp\/v2\/comments?post=5274"}],"version-history":[{"count":0,"href":"https:\/\/zonaagro.com.mx\/noticias\/wp-json\/wp\/v2\/posts\/5274\/revisions"}],"wp:featuredmedia":[{"embeddable":true,"href":"https:\/\/zonaagro.com.mx\/noticias\/wp-json\/wp\/v2\/media\/5275"}],"wp:attachment":[{"href":"https:\/\/zonaagro.com.mx\/noticias\/wp-json\/wp\/v2\/media?parent=5274"}],"wp:term":[{"taxonomy":"category","embeddable":true,"href":"https:\/\/zonaagro.com.mx\/noticias\/wp-json\/wp\/v2\/categories?post=5274"},{"taxonomy":"post_tag","embeddable":true,"href":"https:\/\/zonaagro.com.mx\/noticias\/wp-json\/wp\/v2\/tags?post=5274"}],"curies":[{"name":"wp","href":"https:\/\/api.w.org\/{rel}","templated":true}]}}