{"id":5299,"date":"2024-06-12T22:50:51","date_gmt":"2024-06-12T22:50:51","guid":{"rendered":"https:\/\/zonaagro.com.mx\/noticias\/?p=3689"},"modified":"2024-06-12T22:50:51","modified_gmt":"2024-06-12T22:50:51","slug":"la-gente-que-tiene-sed-te-lo-agradece-y-nosotros-tambien-rocha-moya","status":"publish","type":"post","link":"https:\/\/zonaagro.com.mx\/noticias\/la-gente-que-tiene-sed-te-lo-agradece-y-nosotros-tambien-rocha-moya\/","title":{"rendered":"La gente que tiene sed te lo agradece y nosotros tambi\u00e9n: Rocha Moya"},"content":{"rendered":"\n<p><em>*El Gobernador encabez\u00f3 el arranque del Aquat\u00f3n 2024, que espera rebasar los 792 mil litros del a\u00f1o pasado.<\/em><\/p>\n\n\n\n<p><em>*El DIF iniciar\u00e1 ma\u00f1ana la distribuci\u00f3n de agua en los municipios de Escuinapa, El Fuerte y Choix.<\/em><\/p>\n\n\n\n<p><strong>Culiac\u00e1n, Sinaloa, 12 de junio de 2024<\/strong>.- El Gobernador del Estado Dr. Rub\u00e9n Rocha Moya, acompa\u00f1ado de la Presidenta del Sistema DIF Eneyda Rocha Ruiz y funcionarios estatales dio arranque al Aquat\u00f3n 2024, se\u00f1alando que, con estos eventos de contenido humano se est\u00e1 tratando de mitigar la sequ\u00eda que asola varias comunidades de Sinaloa.<\/p>\n\n\n\n<p>\u00abEl problema central m\u00e1s importante es el agua para consumo humano, no lo vamos a descuidar, ah\u00ed vamos a estar\u00bb afirm\u00f3 el ejecutivo.<\/p>\n\n\n\n<p>Durante el evento se hicieron aportaciones simb\u00f3licas de parte de algunas instituciones y del Ayuntamiento de Culiac\u00e1n, as\u00ed mismo, a nombre de la poblaci\u00f3n sinaloense agradeci\u00f3 a los que han ayudado e hizo un llamado a quienes puedan apoyar y unirse a esta noble causa que este a\u00f1o, no tiene una meta fija, pero, espera rebasar los 792 mil litros que se recabaron el a\u00f1o anterior.<\/p>\n\n\n\n<p>Por su parte Eneyda Rocha, Presidenta del Sistema DIF mencion\u00f3 que a partir de ma\u00f1ana iniciar\u00e1n la distribuci\u00f3n de agua embotellada en los municipios de Escuinapa, El Fuerte y Choix.<\/p>\n\n\n\n<p>El ejecutivo estatal destac\u00f3, que el gobierno est\u00e1 haciendo frente atendiendo el tema de la sequ\u00eda en el estado, y en colaboraci\u00f3n con Sebides y CEAPAS se han entregado 10 millones de litros de agua a las comunidades de 13 municipios alte\u00f1os, as\u00ed mismo se recorren los municipios y comunidades para revisar las obras de agua y represos, asegurando que el agua es un tema principal que no ha salido de la agenda.<\/p>\n\n\n\n<p>Inform\u00f3 que la Secretar\u00eda de Bienestar, en colaboraci\u00f3n con la ONU, est\u00e1 trabajando en un programa para incidir en las cuencas enfocado en la reforestaci\u00f3n para atraer agua y evitar la erosi\u00f3n del suelo, y referente a la estimulaci\u00f3n de nubes, mencion\u00f3 que es un programa de gobierno federal que a\u00fan no est\u00e1 activo, pues ellos son los que financian la estimulaci\u00f3n, pero seguir\u00e1 reuni\u00e9ndose con la SADER.<\/p>\n\n\n\n<p>\u00abNo veo una sequ\u00eda extrema, porque hemos llegado a la gente, es m\u00e1s, yo ando por los ranchos y voy y me entero, y veo, la gente todav\u00eda est\u00e1 provey\u00e9ndose de aguas encharcadas cerca de los pozos que tienen que no se han secado y en donde no, les llegamos con las pipas, si no hubiera agua en los diques no tendr\u00edamos de donde abastecer y cargar las pipas, todav\u00eda tenemos y vamos a seguir, tenemos un programa de agua, suficientemente soportado para seguir, ese es un aliviane importante que le llega a la gente\u201d concluy\u00f3 el mandatario estatal.<\/p>\n\n\n\n<p>El banderazo del Aquat\u00f3n estuvo enmarcado por la presencia de Enrique Inzunza C\u00e1zarez Secretario General de Gobierno, Enrique D\u00edaz Vega Secretario de Administraci\u00f3n y Finanzas, Jos\u00e9 Ernesto Pe\u00f1uelas, Alcalde de Culiac\u00e1n, Ulises Pi\u00f1a, Encargado&nbsp; de la delegaci\u00f3n de Bienestar Sinaloa, Michel Ben\u00edtez Uriarte, Secretario General del STASE, Sara Bruna Qui\u00f1\u00f3nez Estrada, Fiscal General del Estado de Sinaloa, as\u00ed como funcionarias y funcionarios que conforman el gabinete estatal.<\/p>\n","protected":false},"excerpt":{"rendered":"<p>*El Gobernador encabez\u00f3 el arranque del Aquat\u00f3n 2024, que espera rebasar los 792 mil litros del a\u00f1o pasado. *El DIF iniciar\u00e1 ma\u00f1ana la distribuci\u00f3n de agua en los municipios de Escuinapa, El Fuerte y Choix. Culiac\u00e1n, Sinaloa, 12 de junio de 2024.- El Gobernador del Estado Dr. Rub\u00e9n Rocha Moya, acompa\u00f1ado de la Presidenta del [&hellip;]<\/p>\n","protected":false},"author":2,"featured_media":5300,"comment_status":"open","ping_status":"open","sticky":false,"template":"","format":"standard","meta":{"_et_pb_use_builder":"","_et_pb_old_content":"","_et_gb_content_width":"","footnotes":""},"categories":[5,6,8],"tags":[4,7],"class_list":["post-5299","post","type-post","status-publish","format-standard","has-post-thumbnail","hentry","category-nacional","category-politica","category-sinaloa","tag-estatal","tag-portada"],"_links":{"self":[{"href":"https:\/\/zonaagro.com.mx\/noticias\/wp-json\/wp\/v2\/posts\/5299","targetHints":{"allow":["GET"]}}],"collection":[{"href":"https:\/\/zonaagro.com.mx\/noticias\/wp-json\/wp\/v2\/posts"}],"about":[{"href":"https:\/\/zonaagro.com.mx\/noticias\/wp-json\/wp\/v2\/types\/post"}],"author":[{"embeddable":true,"href":"https:\/\/zonaagro.com.mx\/noticias\/wp-json\/wp\/v2\/users\/2"}],"replies":[{"embeddable":true,"href":"https:\/\/zonaagro.com.mx\/noticias\/wp-json\/wp\/v2\/comments?post=5299"}],"version-history":[{"count":0,"href":"https:\/\/zonaagro.com.mx\/noticias\/wp-json\/wp\/v2\/posts\/5299\/revisions"}],"wp:featuredmedia":[{"embeddable":true,"href":"https:\/\/zonaagro.com.mx\/noticias\/wp-json\/wp\/v2\/media\/5300"}],"wp:attachment":[{"href":"https:\/\/zonaagro.com.mx\/noticias\/wp-json\/wp\/v2\/media?parent=5299"}],"wp:term":[{"taxonomy":"category","embeddable":true,"href":"https:\/\/zonaagro.com.mx\/noticias\/wp-json\/wp\/v2\/categories?post=5299"},{"taxonomy":"post_tag","embeddable":true,"href":"https:\/\/zonaagro.com.mx\/noticias\/wp-json\/wp\/v2\/tags?post=5299"}],"curies":[{"name":"wp","href":"https:\/\/api.w.org\/{rel}","templated":true}]}}