{"id":5685,"date":"2025-02-09T23:38:19","date_gmt":"2025-02-09T23:38:19","guid":{"rendered":"https:\/\/zonaagro.com.mx\/noticias\/?p=5685"},"modified":"2025-02-09T23:38:21","modified_gmt":"2025-02-09T23:38:21","slug":"se-va-a-garantizar-el-abasto-de-agua-rocha-moya-al-dar-el-banderazo-a-la-construccion-de-planta-potabilizadora-en-el-sector-surponiente-de-la-capital","status":"publish","type":"post","link":"https:\/\/zonaagro.com.mx\/noticias\/se-va-a-garantizar-el-abasto-de-agua-rocha-moya-al-dar-el-banderazo-a-la-construccion-de-planta-potabilizadora-en-el-sector-surponiente-de-la-capital\/","title":{"rendered":"\u201dSe va a garantizar el abasto de agua\u201d, Rocha Moya al dar el banderazo a la construcci\u00f3n de planta potabilizadora en el sector surponiente de la capital"},"content":{"rendered":"\n<p><em>*La nueva planta potabilizadora en el sector Bugambilias tendr\u00e1 una inversi\u00f3n de 207 MDP y beneficiar\u00e1 a 350 mil personas de 179 colonias de Culiac\u00e1n.<\/em><\/p>\n\n\n\n<p><strong>Culiac\u00e1n, Sinaloa 08 de febrero de 2025.-<\/strong>&nbsp;Con el doble prop\u00f3sito de dotar de agua a las familias y sectores productivos de la zona sur poniente de Culiac\u00e1n, y de propiciar un uso racional del agua que ayude a preservar el vital l\u00edquido, el Gobernador Rub\u00e9n Rocha Moya y el alcalde Juan de Dios G\u00e1mez pusieron en marcha las obras de una nueva potabilizadora en el sector Bugambilias, establecida en el plan h\u00eddrico municipal.<\/p>\n\n\n\n<p>En este encuentro con la gente, adem\u00e1s de dar el banderazo de esta obra que beneficiar\u00e1 a por lo menos 350 mil habitantes de 179 colonias y en la cual de invertir\u00e1n 207 millones de pesos, el mandatario estatal se\u00f1al\u00f3 que esta planta no solo garantizar\u00e1 el suministro de agua a las colonias, sino que sentar\u00e1 las bases para el crecimiento urbano y sostenible de la capital.<\/p>\n\n\n\n<p>\u00abYo quiero que celebren, que les d\u00e9 gusto esta planta que les va a garantizar que no les falte el agua, le va a quitar presi\u00f3n a Barrancos, todo el sector Barrancos le va a quitar presi\u00f3n porque esta (planta potabilizadora), va a darle a todas estas otras colonias y no van a tener problemas de agua\u00bb, afirm\u00f3 Rocha Moya.<\/p>\n\n\n\n<p>Por su parte, haciendo realidad la promesa hecha con los culiacanenses durante su campa\u00f1a, el edil municipal subray\u00f3 que, brindando justicia y dignidad a las familias del sector. \u00abVamos a seguir invirtiendo en estas obras con este sentido social. Van a ser m\u00e1s de 400 millones de pesos que vamos a invertir nada m\u00e1s en el agua\u00bb, precis\u00f3.<\/p>\n\n\n\n<p>Asimismo, destac\u00f3 que pensando en el bienestar de todos los ciudadanos pr\u00f3ximamente se construir\u00e1n 2 plantas potabilizadoras en el sector norte y oriente de la ciudad que beneficiar\u00e1 a 195 mil habitantes y se invertir\u00e1n casi 150 millones de pesos, beneficiando a 116 colonias, adem\u00e1s de continuar con su programa de pavimentaci\u00f3n y mejoramiento de la ciudad. \u00abEstamos construyendo una nueva cultura. Una cultura de la paz, de oportunidades, entornos para que nuestras ni\u00f1as, ni\u00f1os, nuestra juventud tengan alternativas, tengan otros espacios, otras ideas que hacer en las tardes\u00bb, subray\u00f3.&nbsp;<\/p>\n\n\n\n<p>En representaci\u00f3n de los desarrolladores y constructores, Daniel F\u00e9lix Ter\u00e1n de la CANADEVI, apunt\u00f3 \u00abLa construcci\u00f3n de esta planta potabilizadora es m\u00e1s que una obra de infraestructura es un pilar sobre el cual edificaremos el futuro de Culiac\u00e1n\u00bb<\/p>\n\n\n\n<p>Agradecida con las autoridades Veraliz Rocha Elenes, en representaci\u00f3n de los vecinos dijo que esta obra ayuda a elevar la calidad de vida de los habitantes de la colonia, mejorando los servicios p\u00fablicos y contribuyendo a resolver el problema del desabasto de agua.<\/p>\n\n\n\n<p>En el evento estuvieron presentes el secretario de obras p\u00fablicas Ra\u00fal Montero Zamudio, Ricardo Velarde secretario de econom\u00eda, Irma Nydia Gasca Presidenta del DIF Municipal, Alfonso Zazueta Tapia gerente de JAPAC, Mar\u00eda del Carmen Morales secretaria de obras y servicios p\u00fablicos, Carlos Nicol\u00e1s L\u00f3pez representante municipal de la AMIC, Manuel de Jes\u00fas Espinoza presidente nacional de la AMIC, Emilio Contreras de la CMIC, la diputada local Arely Ruiz y los diputados federales Felicita Pompa, Ricardo Madrid y Karina Mart\u00ednez Monta\u00f1o.<\/p>\n","protected":false},"excerpt":{"rendered":"<p>*La nueva planta potabilizadora en el sector Bugambilias tendr\u00e1 una inversi\u00f3n de 207 MDP y beneficiar\u00e1 a 350 mil personas de 179 colonias de Culiac\u00e1n. Culiac\u00e1n, Sinaloa 08 de febrero de 2025.-&nbsp;Con el doble prop\u00f3sito de dotar de agua a las familias y sectores productivos de la zona sur poniente de Culiac\u00e1n, y de propiciar [&hellip;]<\/p>\n","protected":false},"author":2,"featured_media":5686,"comment_status":"closed","ping_status":"closed","sticky":false,"template":"","format":"standard","meta":{"_et_pb_use_builder":"off","_et_pb_old_content":"","_et_gb_content_width":"","footnotes":""},"categories":[5,6,8,9,12,13],"tags":[],"class_list":["post-5685","post","type-post","status-publish","format-standard","has-post-thumbnail","hentry","category-nacional","category-politica","category-sinaloa","category-zona-centro","category-zona-norte","category-zona-sur"],"_links":{"self":[{"href":"https:\/\/zonaagro.com.mx\/noticias\/wp-json\/wp\/v2\/posts\/5685","targetHints":{"allow":["GET"]}}],"collection":[{"href":"https:\/\/zonaagro.com.mx\/noticias\/wp-json\/wp\/v2\/posts"}],"about":[{"href":"https:\/\/zonaagro.com.mx\/noticias\/wp-json\/wp\/v2\/types\/post"}],"author":[{"embeddable":true,"href":"https:\/\/zonaagro.com.mx\/noticias\/wp-json\/wp\/v2\/users\/2"}],"replies":[{"embeddable":true,"href":"https:\/\/zonaagro.com.mx\/noticias\/wp-json\/wp\/v2\/comments?post=5685"}],"version-history":[{"count":1,"href":"https:\/\/zonaagro.com.mx\/noticias\/wp-json\/wp\/v2\/posts\/5685\/revisions"}],"predecessor-version":[{"id":5687,"href":"https:\/\/zonaagro.com.mx\/noticias\/wp-json\/wp\/v2\/posts\/5685\/revisions\/5687"}],"wp:featuredmedia":[{"embeddable":true,"href":"https:\/\/zonaagro.com.mx\/noticias\/wp-json\/wp\/v2\/media\/5686"}],"wp:attachment":[{"href":"https:\/\/zonaagro.com.mx\/noticias\/wp-json\/wp\/v2\/media?parent=5685"}],"wp:term":[{"taxonomy":"category","embeddable":true,"href":"https:\/\/zonaagro.com.mx\/noticias\/wp-json\/wp\/v2\/categories?post=5685"},{"taxonomy":"post_tag","embeddable":true,"href":"https:\/\/zonaagro.com.mx\/noticias\/wp-json\/wp\/v2\/tags?post=5685"}],"curies":[{"name":"wp","href":"https:\/\/api.w.org\/{rel}","templated":true}]}}