{"id":5919,"date":"2025-05-14T20:01:38","date_gmt":"2025-05-14T20:01:38","guid":{"rendered":"https:\/\/zonaagro.com.mx\/noticias\/?p=5919"},"modified":"2025-05-14T20:01:39","modified_gmt":"2025-05-14T20:01:39","slug":"pone-en-marcha-gobernador-rocha-el-aquaton-para-abastecer-a-familias-en-comunidades-de-sinaloa-que-sufren-sequia","status":"publish","type":"post","link":"https:\/\/zonaagro.com.mx\/noticias\/pone-en-marcha-gobernador-rocha-el-aquaton-para-abastecer-a-familias-en-comunidades-de-sinaloa-que-sufren-sequia\/","title":{"rendered":"Pone en marcha gobernador Rocha el Aquat\u00f3n para abastecer a familias en comunidades de Sinaloa que sufren sequ\u00eda"},"content":{"rendered":"\n<p><em>*El mandatario estatal dio el banderazo simb\u00f3lico para el inicio del Aquat\u00f3n 2025, mediante el cual se recogen los donativos de agua de la poblaci\u00f3n civil, empresas y dependencias gubernamentales para llevar a las comunidades y colonias populares que la requieran para consumo humano<\/em><\/p>\n\n\n\n<p><strong>Culiac\u00e1n, Sinaloa, a 14 de mayo de 2025.-&nbsp;<\/strong>Con un buen arranque de 815 mil litros de agua purificada acopiados hasta las nueve de la ma\u00f1ana, el gobernador Rub\u00e9n Rocha Moya dio el banderazo simb\u00f3lico para el inicio del Aquat\u00f3n 2025, que para este a\u00f1o espera superar la meta de los 828 mil litros recibidos en la edici\u00f3n 2024, y que se utilizar\u00e1n para llevar agua para consumo humano a comunidades rurales y colonias populares que ya sufren los estragos de la sequ\u00eda.<\/p>\n\n\n\n<p>En la explanada de Palacio de Gobierno, y acompa\u00f1ado por la presidenta del Sistema DIF Sinaloa, la doctora Eneyda Rocha Ruiz, organizadora de esta colecta de agua, el mandatario estatal dio el arranque formal a este Aquat\u00f3n 2025, que estar\u00e1 recibiendo los donativos de agua purificada para beber hasta las 5 de la tarde.<\/p>\n\n\n\n<p>\u201c\u00c9ste es un evento muy humano, pues aqu\u00ed se expresa la solidaridad y el amor al pr\u00f3jimo, tenemos que juntar la mayor cantidad de agua posible para llevar agua a los habitantes de Sinaloa, pero particularmente el medio rural es donde m\u00e1s escasea y tienen m\u00e1s dificultades para tenerla, y esta agua es para el consumo humano\u201d, dijo.<\/p>\n\n\n\n<p>El gobernador Rocha tambi\u00e9n agradeci\u00f3 la labor del Sistema DIF Sinaloa, entidad que ser\u00e1 la encargada de iniciar el reparto del agua acopiada en este Aquat\u00f3n, en aproximadamente 400 comunidades rurales, en beneficio de 80 mil habitantes.<\/p>\n\n\n\n<p>De la misma manera, el mandatario estatal agradeci\u00f3 las aportaciones de agua que cada dependencia gubernamental hizo, as\u00ed como los donativos de grandes empresas que siempre se han solidarizado con las nobles causas, como Casa Ley, Walmart, Ferrox, por citar algunas que hicieron cuantiosas aportaciones.<\/p>\n\n\n\n<p>Cabe destacar que a t\u00edtulo personal, el gobernador Rocha hizo un donativo de 10 mil litros de agua, que fueron adquiridos con recursos propios, no del Despacho del Ejecutivo, dependencia que por su parte tambi\u00e9n contribuy\u00f3 con su aportaci\u00f3n como el resto de las oficinas del Gobierno del Estado.<\/p>\n\n\n\n<p>Aunque el acto de arranque oficial del Aquat\u00f3n 2025 fue a las 9:30 de la ma\u00f1ana, desde las 7 de la ma\u00f1ana el gobernador y la presidenta del DIF, la doctora Eneyda Rocha Ruiz, estuvieron en la explanada para recibir los primeros donativos de agua embotellada, los cuales seguir\u00e1n recibi\u00e9ndose hasta las 5 de la tarde de este mismo mi\u00e9rcoles, para iniciar con el reparto a partir de ma\u00f1ana.<\/p>\n\n\n\n<p>La ciudadan\u00eda puede entregar sus donativos de agua en la explanada de Palacio de Gobierno, incluso se dise\u00f1\u00f3 un operativo vial para que la gente pueda entrar a la plancha en veh\u00edculo por la avenida Insurgentes, donde voluntarios descargan el agua, para que luego salga por el acceso de la avenida L\u00e1zaro C\u00e1rdenas. Adem\u00e1s de la explanada de Palacio, la recepci\u00f3n de agua se lleva a cabo simult\u00e1neamente en los 20 Ayuntamientos del estado.<\/p>\n\n\n\n<p>El gobernador Rocha estuvo acompa\u00f1ado tambi\u00e9n por todos los integrantes de su gabinete, representantes de las empresas donantes y de varios diputados locales, que tambi\u00e9n hicieron sus aportaciones.<\/p>\n","protected":false},"excerpt":{"rendered":"<p>*El mandatario estatal dio el banderazo simb\u00f3lico para el inicio del Aquat\u00f3n 2025, mediante el cual se recogen los donativos de agua de la poblaci\u00f3n civil, empresas y dependencias gubernamentales para llevar a las comunidades y colonias populares que la requieran para consumo humano Culiac\u00e1n, Sinaloa, a 14 de mayo de 2025.-&nbsp;Con un buen arranque [&hellip;]<\/p>\n","protected":false},"author":2,"featured_media":5920,"comment_status":"closed","ping_status":"closed","sticky":false,"template":"","format":"standard","meta":{"_et_pb_use_builder":"off","_et_pb_old_content":"","_et_gb_content_width":"","footnotes":""},"categories":[15,5,6,9,12,13],"tags":[],"class_list":["post-5919","post","type-post","status-publish","format-standard","has-post-thumbnail","hentry","category-agropecuaria","category-nacional","category-politica","category-zona-centro","category-zona-norte","category-zona-sur"],"_links":{"self":[{"href":"https:\/\/zonaagro.com.mx\/noticias\/wp-json\/wp\/v2\/posts\/5919","targetHints":{"allow":["GET"]}}],"collection":[{"href":"https:\/\/zonaagro.com.mx\/noticias\/wp-json\/wp\/v2\/posts"}],"about":[{"href":"https:\/\/zonaagro.com.mx\/noticias\/wp-json\/wp\/v2\/types\/post"}],"author":[{"embeddable":true,"href":"https:\/\/zonaagro.com.mx\/noticias\/wp-json\/wp\/v2\/users\/2"}],"replies":[{"embeddable":true,"href":"https:\/\/zonaagro.com.mx\/noticias\/wp-json\/wp\/v2\/comments?post=5919"}],"version-history":[{"count":1,"href":"https:\/\/zonaagro.com.mx\/noticias\/wp-json\/wp\/v2\/posts\/5919\/revisions"}],"predecessor-version":[{"id":5921,"href":"https:\/\/zonaagro.com.mx\/noticias\/wp-json\/wp\/v2\/posts\/5919\/revisions\/5921"}],"wp:featuredmedia":[{"embeddable":true,"href":"https:\/\/zonaagro.com.mx\/noticias\/wp-json\/wp\/v2\/media\/5920"}],"wp:attachment":[{"href":"https:\/\/zonaagro.com.mx\/noticias\/wp-json\/wp\/v2\/media?parent=5919"}],"wp:term":[{"taxonomy":"category","embeddable":true,"href":"https:\/\/zonaagro.com.mx\/noticias\/wp-json\/wp\/v2\/categories?post=5919"},{"taxonomy":"post_tag","embeddable":true,"href":"https:\/\/zonaagro.com.mx\/noticias\/wp-json\/wp\/v2\/tags?post=5919"}],"curies":[{"name":"wp","href":"https:\/\/api.w.org\/{rel}","templated":true}]}}