{"id":6048,"date":"2025-07-28T22:41:14","date_gmt":"2025-07-28T22:41:14","guid":{"rendered":"https:\/\/zonaagro.com.mx\/noticias\/?p=6048"},"modified":"2025-07-28T22:41:16","modified_gmt":"2025-07-28T22:41:16","slug":"prioritario-para-gobierno-de-sinaloa-se-genere-un-esquema-estable-de-comercializacion-del-maiz-declara-gobernador-ruben-rocha","status":"publish","type":"post","link":"https:\/\/zonaagro.com.mx\/noticias\/prioritario-para-gobierno-de-sinaloa-se-genere-un-esquema-estable-de-comercializacion-del-maiz-declara-gobernador-ruben-rocha\/","title":{"rendered":"Prioritario para\u00a0 Gobierno de Sinaloa, se genere un esquema estable de comercializaci\u00f3n del ma\u00edz, declara gobernador Rub\u00e9n Rocha"},"content":{"rendered":"\n<p><em>*Con apoyo del gobierno estatal, y por solicitud de un grupo de productores, una comitiva&nbsp; acudir\u00e1 este jueves&nbsp;&nbsp; ante la Subsecretar\u00eda de Gobernaci\u00f3n&nbsp; que dirige C\u00e9sar Y\u00e1\u00f1ez.<\/em><\/p>\n\n\n\n<p><em>*Se levanta plant\u00f3n de productores en el Palacio de Gobierno<\/em><\/p>\n\n\n\n<p><strong>Culiac\u00e1n, Sinaloa; 28 de julio de 2025.-<\/strong>&nbsp;Tras externar que en Sinaloa se tiene a los mejores productores del mundo, tanto de granos como de hortalizas, el Gobernador Rub\u00e9n Rocha Moya destac\u00f3 que desde el gobierno del estado se est\u00e1 luchando por un esquema de comercializaci\u00f3n seguro del ma\u00edz y de los granos en general, pero en cuanto al ma\u00edz, -dijo- nuestra postura es buscar c\u00f3mo no estar a expensas del mercado como lo estamos con la Bolsa de Chicago por ejemplo\u201d.<\/p>\n\n\n\n<p>A su vez&nbsp; el gobernador les inform\u00f3 de la reuni\u00f3n que gestion\u00f3 con el Subsecretario de Gobernaci\u00f3n C\u00e9sar Y\u00e1\u00f1ez Centeno Cabrera, para este jueves 31 de julio una comisi\u00f3n de productores que el propio gobierno estatal se encargar\u00e1 de enviar, exponga de manera directa las necesidades y demandas del grupo de productores.<\/p>\n\n\n\n<p>\u201cNo vamos a dejar de trabajar para mejorar el campo Sinaloense\u201d dijo el gobernador quien, de manera enf\u00e1tica, va un 98% de avance del pago del apoyo federal extraordinario de $750.00 y por parte del gobierno del estado seguiremos las gestiones hasta que se culminen los pagos a los productores pendientes.<\/p>\n\n\n\n<p>En la reuni\u00f3n participaron un grupo de mujeres y hombres productores de ma\u00edz en el estado, encabezados por Baltazar Valdez Arment\u00eda,&nbsp; Presidente de la Organizaci\u00f3n Campesinos Unidos, as\u00ed como Emma A\u00edda Espinoza entre otros.<\/p>\n","protected":false},"excerpt":{"rendered":"<p>*Con apoyo del gobierno estatal, y por solicitud de un grupo de productores, una comitiva&nbsp; acudir\u00e1 este jueves&nbsp;&nbsp; ante la Subsecretar\u00eda de Gobernaci\u00f3n&nbsp; que dirige C\u00e9sar Y\u00e1\u00f1ez. *Se levanta plant\u00f3n de productores en el Palacio de Gobierno Culiac\u00e1n, Sinaloa; 28 de julio de 2025.-&nbsp;Tras externar que en Sinaloa se tiene a los mejores productores del [&hellip;]<\/p>\n","protected":false},"author":2,"featured_media":6049,"comment_status":"closed","ping_status":"closed","sticky":false,"template":"","format":"standard","meta":{"_et_pb_use_builder":"off","_et_pb_old_content":"","_et_gb_content_width":"","footnotes":""},"categories":[15,5,6,8,14,9,12,13],"tags":[],"class_list":["post-6048","post","type-post","status-publish","format-standard","has-post-thumbnail","hentry","category-agropecuaria","category-nacional","category-politica","category-sinaloa","category-sinaloa-de-leyva","category-zona-centro","category-zona-norte","category-zona-sur"],"_links":{"self":[{"href":"https:\/\/zonaagro.com.mx\/noticias\/wp-json\/wp\/v2\/posts\/6048","targetHints":{"allow":["GET"]}}],"collection":[{"href":"https:\/\/zonaagro.com.mx\/noticias\/wp-json\/wp\/v2\/posts"}],"about":[{"href":"https:\/\/zonaagro.com.mx\/noticias\/wp-json\/wp\/v2\/types\/post"}],"author":[{"embeddable":true,"href":"https:\/\/zonaagro.com.mx\/noticias\/wp-json\/wp\/v2\/users\/2"}],"replies":[{"embeddable":true,"href":"https:\/\/zonaagro.com.mx\/noticias\/wp-json\/wp\/v2\/comments?post=6048"}],"version-history":[{"count":1,"href":"https:\/\/zonaagro.com.mx\/noticias\/wp-json\/wp\/v2\/posts\/6048\/revisions"}],"predecessor-version":[{"id":6050,"href":"https:\/\/zonaagro.com.mx\/noticias\/wp-json\/wp\/v2\/posts\/6048\/revisions\/6050"}],"wp:featuredmedia":[{"embeddable":true,"href":"https:\/\/zonaagro.com.mx\/noticias\/wp-json\/wp\/v2\/media\/6049"}],"wp:attachment":[{"href":"https:\/\/zonaagro.com.mx\/noticias\/wp-json\/wp\/v2\/media?parent=6048"}],"wp:term":[{"taxonomy":"category","embeddable":true,"href":"https:\/\/zonaagro.com.mx\/noticias\/wp-json\/wp\/v2\/categories?post=6048"},{"taxonomy":"post_tag","embeddable":true,"href":"https:\/\/zonaagro.com.mx\/noticias\/wp-json\/wp\/v2\/tags?post=6048"}],"curies":[{"name":"wp","href":"https:\/\/api.w.org\/{rel}","templated":true}]}}