{"id":6161,"date":"2025-09-23T01:06:59","date_gmt":"2025-09-23T01:06:59","guid":{"rendered":"https:\/\/zonaagro.com.mx\/noticias\/?p=6161"},"modified":"2025-09-23T01:07:01","modified_gmt":"2025-09-23T01:07:01","slug":"gobernador-rocha-solicitara-a-la-presidenta-sheinbaum-asegurar-recursos-para-comercializar-el-maiz-en-el-2026","status":"publish","type":"post","link":"https:\/\/zonaagro.com.mx\/noticias\/gobernador-rocha-solicitara-a-la-presidenta-sheinbaum-asegurar-recursos-para-comercializar-el-maiz-en-el-2026\/","title":{"rendered":"Gobernador Rocha solicitar\u00e1 a la presidenta Sheinbaum asegurar recursos para comercializar el ma\u00edz en el 2026"},"content":{"rendered":"\n<p><em>*El mandatario estatal adelant\u00f3 que durante la visita de la presidenta de M\u00e9xico este s\u00e1bado a Mazatl\u00e1n, le plantear\u00e1 este tema para evitar la incertidumbre en la venta de la presente cosecha<\/em><\/p>\n\n\n\n<p><strong>Culiac\u00e1n, Sinaloa, a 22 de septiembre de 2025<\/strong>.- El gobernador Rub\u00e9n Rocha Moya adelant\u00f3 que en la visita que realizar\u00e1 el pr\u00f3ximo s\u00e1bado a Mazatl\u00e1n la presidenta de la Rep\u00fablica, Claudia Sheinbaum Pardo, le solicitar\u00e1 que se aseguren los recursos para la comercializaci\u00f3n de la presente cosecha de ma\u00edz en el siguiente Presupuesto de Egresos de la Federaci\u00f3n 2026, porque consider\u00f3 que este tema es muy sensible para la econom\u00eda de Sinaloa.<\/p>\n\n\n\n<p>Durante su Conferencia Semanera, el mandatario estatal inform\u00f3 que aprovechando la nueva visita de la presidenta Sheinbaum con motivo de su gira por varios estados, abordar\u00e1 lo relacionado con la venta de la producci\u00f3n de ma\u00edz, que se estar\u00e1 cosechando a partir de mayo y junio del pr\u00f3ximo a\u00f1o, y por ello, buscar\u00e1 garantizar los apoyos federales a la comercializaci\u00f3n desde ahora.<\/p>\n\n\n\n<p>\u201cEsto se lo voy a plantear yo a la presidenta, es un tema central, el tema de comercializaci\u00f3n, y no es un tema solamente de Sinaloa, porque el ma\u00edz ha tenido problemas, a pesar de que sembramos poco, una tercera parte del ma\u00edz que se siembra, y podemos tener problemas en la siguiente cosecha, porque los inventarios de ma\u00edz en Estados Unidos est\u00e1n muy arriba\u201d, dijo.<\/p>\n\n\n\n<p>Por ello, el gobernador Rocha precis\u00f3 que es necesario prepararse con anticipaci\u00f3n, y por esto se necesita desde noviembre y diciembre, cuando el precio internacional se prev\u00e9 estar\u00e1 mejor, comprar coberturas a fin de asegurar el precio de venta cuando se levante la cosecha, que ser\u00e1 a partir de mayo del siguiente a\u00f1o.<\/p>\n\n\n\n<p>Explic\u00f3 que la cobertura es un seguro que garantiza que el productor recibir\u00e1 determinado pago por su cosecha a futuro, la cual cuesta 300 pesos por tonelada y es financiada por el gobierno federal. En este sentido, dijo que resulta mejor asegurar la comercializaci\u00f3n mediante este instrumento, incluso m\u00e1s econ\u00f3mico para el gobierno, porque en el caso de Sinaloa, que normalmente cosecha 6 millones de toneladas, esto representa destinar solamente mil 800 millones de pesos al pago de coberturas.<\/p>\n\n\n\n<p>\u201cSi compramos toda la cobertura le cuesta mucho menos al gobierno federal apoyar la comercializaci\u00f3n, porque estamos hablando de 300 pesos nada m\u00e1s por tonelada, y ya a la hora de la hora, vamos a suponer que cosechemos 6 millones de toneladas, que es lo que se cosecha normalmente, son mil 800 millones, que es muy distinto a la posibilidad de requerir 6 mil millones de pesos al menos si no tenemos garantizado el precio del ma\u00edz con una cobertura\u201d, precis\u00f3.<\/p>\n\n\n\n<p>Al respecto, el secretario de Agricultura y Ganader\u00eda, Ismael Bello Esquivel, inform\u00f3 que la propuesta que se hizo a SADER es que las empresas vendan las coberturas en noviembre y diciembre, pero que mediante una cesi\u00f3n de derechos del productor puedan cobrarlas con el ejercicio presupuestal del 2026.<\/p>\n","protected":false},"excerpt":{"rendered":"<p>*El mandatario estatal adelant\u00f3 que durante la visita de la presidenta de M\u00e9xico este s\u00e1bado a Mazatl\u00e1n, le plantear\u00e1 este tema para evitar la incertidumbre en la venta de la presente cosecha Culiac\u00e1n, Sinaloa, a 22 de septiembre de 2025.- El gobernador Rub\u00e9n Rocha Moya adelant\u00f3 que en la visita que realizar\u00e1 el pr\u00f3ximo s\u00e1bado [&hellip;]<\/p>\n","protected":false},"author":2,"featured_media":6162,"comment_status":"closed","ping_status":"closed","sticky":false,"template":"","format":"standard","meta":{"_et_pb_use_builder":"off","_et_pb_old_content":"","_et_gb_content_width":"","footnotes":""},"categories":[15,5,6,8,9,12,13],"tags":[],"class_list":["post-6161","post","type-post","status-publish","format-standard","has-post-thumbnail","hentry","category-agropecuaria","category-nacional","category-politica","category-sinaloa","category-zona-centro","category-zona-norte","category-zona-sur"],"_links":{"self":[{"href":"https:\/\/zonaagro.com.mx\/noticias\/wp-json\/wp\/v2\/posts\/6161","targetHints":{"allow":["GET"]}}],"collection":[{"href":"https:\/\/zonaagro.com.mx\/noticias\/wp-json\/wp\/v2\/posts"}],"about":[{"href":"https:\/\/zonaagro.com.mx\/noticias\/wp-json\/wp\/v2\/types\/post"}],"author":[{"embeddable":true,"href":"https:\/\/zonaagro.com.mx\/noticias\/wp-json\/wp\/v2\/users\/2"}],"replies":[{"embeddable":true,"href":"https:\/\/zonaagro.com.mx\/noticias\/wp-json\/wp\/v2\/comments?post=6161"}],"version-history":[{"count":1,"href":"https:\/\/zonaagro.com.mx\/noticias\/wp-json\/wp\/v2\/posts\/6161\/revisions"}],"predecessor-version":[{"id":6163,"href":"https:\/\/zonaagro.com.mx\/noticias\/wp-json\/wp\/v2\/posts\/6161\/revisions\/6163"}],"wp:featuredmedia":[{"embeddable":true,"href":"https:\/\/zonaagro.com.mx\/noticias\/wp-json\/wp\/v2\/media\/6162"}],"wp:attachment":[{"href":"https:\/\/zonaagro.com.mx\/noticias\/wp-json\/wp\/v2\/media?parent=6161"}],"wp:term":[{"taxonomy":"category","embeddable":true,"href":"https:\/\/zonaagro.com.mx\/noticias\/wp-json\/wp\/v2\/categories?post=6161"},{"taxonomy":"post_tag","embeddable":true,"href":"https:\/\/zonaagro.com.mx\/noticias\/wp-json\/wp\/v2\/tags?post=6161"}],"curies":[{"name":"wp","href":"https:\/\/api.w.org\/{rel}","templated":true}]}}