{"id":6243,"date":"2025-10-28T01:53:06","date_gmt":"2025-10-28T01:53:06","guid":{"rendered":"https:\/\/zonaagro.com.mx\/noticias\/?p=6243"},"modified":"2025-10-28T01:53:08","modified_gmt":"2025-10-28T01:53:08","slug":"las-gestiones-en-favor-de-los-productores-agricolas-son-permanentes-senala-gobernador-rocha","status":"publish","type":"post","link":"https:\/\/zonaagro.com.mx\/noticias\/las-gestiones-en-favor-de-los-productores-agricolas-son-permanentes-senala-gobernador-rocha\/","title":{"rendered":"Las gestiones en favor de los productores agr\u00edcolas son permanentes, se\u00f1ala Gobernador Rocha"},"content":{"rendered":"\n<p><em>*El mandatario estatal conf\u00eda en que la reuni\u00f3n de productores con autoridades de la SADER federal establezca una mec\u00e1nica que resuelva el esquema de comercializaci\u00f3n<\/em><\/p>\n\n\n\n<p><strong>Culiac\u00e1n, Sinaloa 27 de octubre de 2025.-&nbsp;<\/strong>Durante su conferencia semanera el gobernador Rub\u00e9n Rocha Moya, se\u00f1al\u00f3 que las y los productores agr\u00edcolas tiene todo el derecho a realizar protestas, en reclamo de los que les corresponde, asimismo, replic\u00f3 la informaci\u00f3n expresada por la presidenta Claudia Sheinbaum, en su Conferencia del Pueblo, donde indic\u00f3 que el d\u00eda de hoy se llevar\u00e1 a cabo una reuni\u00f3n con un grupo representativo de dirigentes agr\u00edcolas en Palacio Nacional, donde se revisar\u00e1 el tema de la comercializaci\u00f3n de los granos, as\u00ed como el pago a los productores de trigo<\/p>\n\n\n\n<p>El mandatario estatal, precis\u00f3 que el ma\u00edz le da identidad a Sinaloa, por ello, desea se siga apoyando para poder reactivar la econom\u00eda estatal, por tal raz\u00f3n, le interesar\u00eda se estableciera una mec\u00e1nica para resolver la comercializaci\u00f3n de todos los granos que se producen en el pa\u00eds. Subrayando que, la administraci\u00f3n que encabeza ha sido un aliado con los trabajadores del campo, y con el apoyo de la presidenta Sheinbaum, est\u00e1n en proceso de finiquitar la venta de 400 mil toneladas de ma\u00edz.<\/p>\n\n\n\n<p>\u201cLe aplaudo a la presidenta que ha dicho ahora van a buscar la forma de c\u00f3mo resolver el tema y ella lo va a resolver porque es una mujer humana, que sabe y est\u00e1 metida en todos los problemas y conoce la problem\u00e1tica de los productores agr\u00edcolas, de todos. No solamente el tema del ma\u00edz, el tema del trigo, del sorgo y frijol\u201d, reconoci\u00f3 el Gobernador.<\/p>\n\n\n\n<p>En ese sentido, el Gobernador Rocha, enfatiz\u00f3 que espera que la estrategia que se discuta hoy d\u00e9 garant\u00eda para que el productor se sienta seguro cuando invierte, pues ser\u00eda una gran ventaja tambi\u00e9n saber a c\u00f3mo van a vender sus granos, y se contemple presupuestar un recurso que garantice un apoyo econ\u00f3mico para los productores.<\/p>\n\n\n\n<p>\u201cEn el tema de la comercializaci\u00f3n de nuestros productos del campo, yo quiero que haya seguridad y esa seguridad nos d\u00e9 garant\u00eda de que vamos a seguir produciendo\u201d, puntualiz\u00f3.<\/p>\n\n\n\n<p>Por \u00faltimo, reconoci\u00f3 la diplomacia y capacidad negociadora de la presidenta Claudia Sheinbaum y el presidente Donald Trump, con la que se trabajan los acuerdos comerciales inscritos en el TMEC, en el que M\u00e9xico y Estados Unidos comercializan como ning\u00fan otro pa\u00eds. \u201cHa habido un trato de iguales, un trato respetuoso y un trato que ha dado resultados\u201d, afirm\u00f3 el Ejecutivo estatal.<\/p>\n","protected":false},"excerpt":{"rendered":"<p>*El mandatario estatal conf\u00eda en que la reuni\u00f3n de productores con autoridades de la SADER federal establezca una mec\u00e1nica que resuelva el esquema de comercializaci\u00f3n Culiac\u00e1n, Sinaloa 27 de octubre de 2025.-&nbsp;Durante su conferencia semanera el gobernador Rub\u00e9n Rocha Moya, se\u00f1al\u00f3 que las y los productores agr\u00edcolas tiene todo el derecho a realizar protestas, en [&hellip;]<\/p>\n","protected":false},"author":2,"featured_media":6244,"comment_status":"closed","ping_status":"closed","sticky":false,"template":"","format":"standard","meta":{"_et_pb_use_builder":"off","_et_pb_old_content":"","_et_gb_content_width":"","footnotes":""},"categories":[15,5,6,8,9,12,13],"tags":[],"class_list":["post-6243","post","type-post","status-publish","format-standard","has-post-thumbnail","hentry","category-agropecuaria","category-nacional","category-politica","category-sinaloa","category-zona-centro","category-zona-norte","category-zona-sur"],"_links":{"self":[{"href":"https:\/\/zonaagro.com.mx\/noticias\/wp-json\/wp\/v2\/posts\/6243","targetHints":{"allow":["GET"]}}],"collection":[{"href":"https:\/\/zonaagro.com.mx\/noticias\/wp-json\/wp\/v2\/posts"}],"about":[{"href":"https:\/\/zonaagro.com.mx\/noticias\/wp-json\/wp\/v2\/types\/post"}],"author":[{"embeddable":true,"href":"https:\/\/zonaagro.com.mx\/noticias\/wp-json\/wp\/v2\/users\/2"}],"replies":[{"embeddable":true,"href":"https:\/\/zonaagro.com.mx\/noticias\/wp-json\/wp\/v2\/comments?post=6243"}],"version-history":[{"count":1,"href":"https:\/\/zonaagro.com.mx\/noticias\/wp-json\/wp\/v2\/posts\/6243\/revisions"}],"predecessor-version":[{"id":6245,"href":"https:\/\/zonaagro.com.mx\/noticias\/wp-json\/wp\/v2\/posts\/6243\/revisions\/6245"}],"wp:featuredmedia":[{"embeddable":true,"href":"https:\/\/zonaagro.com.mx\/noticias\/wp-json\/wp\/v2\/media\/6244"}],"wp:attachment":[{"href":"https:\/\/zonaagro.com.mx\/noticias\/wp-json\/wp\/v2\/media?parent=6243"}],"wp:term":[{"taxonomy":"category","embeddable":true,"href":"https:\/\/zonaagro.com.mx\/noticias\/wp-json\/wp\/v2\/categories?post=6243"},{"taxonomy":"post_tag","embeddable":true,"href":"https:\/\/zonaagro.com.mx\/noticias\/wp-json\/wp\/v2\/tags?post=6243"}],"curies":[{"name":"wp","href":"https:\/\/api.w.org\/{rel}","templated":true}]}}