{"id":6491,"date":"2026-03-31T02:00:26","date_gmt":"2026-03-31T02:00:26","guid":{"rendered":"https:\/\/zonaagro.com.mx\/noticias\/?p=6491"},"modified":"2026-03-31T02:00:27","modified_gmt":"2026-03-31T02:00:27","slug":"sates-exhorta-a-cumplir-con-el-pago-de-la-calca-2026-este-martes-vence-el-plazo","status":"publish","type":"post","link":"https:\/\/zonaagro.com.mx\/noticias\/sates-exhorta-a-cumplir-con-el-pago-de-la-calca-2026-este-martes-vence-el-plazo\/","title":{"rendered":"SATES exhorta a cumplir con el pago de la calca 2026; este martes vence el plazo"},"content":{"rendered":"\n<p><strong>Culiac\u00e1n, Sinaloa, lunes 30 de marzo de 2026.-<\/strong>&nbsp;Durante la conferencia semanera encabezada por el Gobernador del Estado, el&nbsp; Dr. Rub\u00e9n Rocha Moya , el director general del Servicio de Administraci\u00f3n Tributaria del Estado de Sinaloa (SATES) Jos\u00e9 Carlos C\u00e1rdenas Mellado hizo un llamado a la ciudadan\u00eda a cumplir con el pago de la calca vehicular 2026, destacando que este martes 31 de marzo es el \u00faltimo d\u00eda para realizar este tr\u00e1mite sin generar recargos.<\/p>\n\n\n\n<p>En su participaci\u00f3n, el titular del SATES subray\u00f3 la importancia de aprovechar este plazo y evitar multas, invitando a las y los contribuyentes a acudir a las oficinas de recaudaci\u00f3n, m\u00f3dulos y colectur\u00edas, que estar\u00e1n atendiendo hoy y ma\u00f1ana con un horario extendido de 8:00 am a 6:00 pm.<\/p>\n\n\n\n<p>Asimismo, inform\u00f3 que el pasado s\u00e1bado se habilitaron las oficinas en todo el estado como medida extraordinaria por motivo del vencimiento, logrando atender a m\u00e1s de 21 mil contribuyentes, lo que refleja la alta participaci\u00f3n y respuesta de la ciudadan\u00eda.<\/p>\n\n\n\n<p>El SATES reitera su compromiso de seguir acercando los servicios a las familias sinaloenses y recuerda a la poblaci\u00f3n que a\u00fan est\u00e1n a tiempo de cumplir con sus contribuciones vehiculares antes del vencimiento.<\/p>\n","protected":false},"excerpt":{"rendered":"<p>Culiac\u00e1n, Sinaloa, lunes 30 de marzo de 2026.-&nbsp;Durante la conferencia semanera encabezada por el Gobernador del Estado, el&nbsp; Dr. Rub\u00e9n Rocha Moya , el director general del Servicio de Administraci\u00f3n Tributaria del Estado de Sinaloa (SATES) Jos\u00e9 Carlos C\u00e1rdenas Mellado hizo un llamado a la ciudadan\u00eda a cumplir con el pago de la calca vehicular [&hellip;]<\/p>\n","protected":false},"author":2,"featured_media":6492,"comment_status":"closed","ping_status":"closed","sticky":false,"template":"","format":"standard","meta":{"_et_pb_use_builder":"off","_et_pb_old_content":"","_et_gb_content_width":"","footnotes":""},"categories":[5,6,8,9,12,13],"tags":[],"class_list":["post-6491","post","type-post","status-publish","format-standard","has-post-thumbnail","hentry","category-nacional","category-politica","category-sinaloa","category-zona-centro","category-zona-norte","category-zona-sur"],"_links":{"self":[{"href":"https:\/\/zonaagro.com.mx\/noticias\/wp-json\/wp\/v2\/posts\/6491","targetHints":{"allow":["GET"]}}],"collection":[{"href":"https:\/\/zonaagro.com.mx\/noticias\/wp-json\/wp\/v2\/posts"}],"about":[{"href":"https:\/\/zonaagro.com.mx\/noticias\/wp-json\/wp\/v2\/types\/post"}],"author":[{"embeddable":true,"href":"https:\/\/zonaagro.com.mx\/noticias\/wp-json\/wp\/v2\/users\/2"}],"replies":[{"embeddable":true,"href":"https:\/\/zonaagro.com.mx\/noticias\/wp-json\/wp\/v2\/comments?post=6491"}],"version-history":[{"count":1,"href":"https:\/\/zonaagro.com.mx\/noticias\/wp-json\/wp\/v2\/posts\/6491\/revisions"}],"predecessor-version":[{"id":6493,"href":"https:\/\/zonaagro.com.mx\/noticias\/wp-json\/wp\/v2\/posts\/6491\/revisions\/6493"}],"wp:featuredmedia":[{"embeddable":true,"href":"https:\/\/zonaagro.com.mx\/noticias\/wp-json\/wp\/v2\/media\/6492"}],"wp:attachment":[{"href":"https:\/\/zonaagro.com.mx\/noticias\/wp-json\/wp\/v2\/media?parent=6491"}],"wp:term":[{"taxonomy":"category","embeddable":true,"href":"https:\/\/zonaagro.com.mx\/noticias\/wp-json\/wp\/v2\/categories?post=6491"},{"taxonomy":"post_tag","embeddable":true,"href":"https:\/\/zonaagro.com.mx\/noticias\/wp-json\/wp\/v2\/tags?post=6491"}],"curies":[{"name":"wp","href":"https:\/\/api.w.org\/{rel}","templated":true}]}}