{"id":6495,"date":"2026-04-02T23:22:22","date_gmt":"2026-04-02T23:22:22","guid":{"rendered":"https:\/\/zonaagro.com.mx\/noticias\/?p=6495"},"modified":"2026-04-02T23:22:24","modified_gmt":"2026-04-02T23:22:24","slug":"el-boulevard-agricultores-sera-una-obra-trascendente-en-culiacan-precisa-gobernador-rocha","status":"publish","type":"post","link":"https:\/\/zonaagro.com.mx\/noticias\/el-boulevard-agricultores-sera-una-obra-trascendente-en-culiacan-precisa-gobernador-rocha\/","title":{"rendered":"El boulevard Agricultores ser\u00e1 una obra trascendente en Culiac\u00e1n; precisa Gobernador Rocha"},"content":{"rendered":"\n<p><em>*En recorrido de supervisi\u00f3n, el mandatario estatal constat\u00f3 que la obra registra un avance del 75 por ciento.<\/em><\/p>\n\n\n\n<p><strong>Culiac\u00e1n, Sinaloa 1 de abril de 2026.-<\/strong>&nbsp;El gobernador Rub\u00e9n Rocha Moya, acompa\u00f1ado del secretario de Obras P\u00fablicas, Ra\u00fal Montero Zamudio, realiz\u00f3 un recorrido de supervisi\u00f3n por el enlace del boulevard Agricultores a fin de garantizar la calidad de esta obra estrat\u00e9gica para agilizar el flujo vial de la zona sur de la capital y de gran beneficio para cientos de familias que habitan este sector.<\/p>\n\n\n\n<p>Durante su recorrido, el Gobernador Rocha, adem\u00e1s de saludar, conversar y echar unas paladas de mezcla con los trabajadores, constat\u00f3 los trabajos que se realizan sobre esta importante r\u00faa, la cual presenta un avance del 75% y estar\u00e1 concluida para el mes de septiembre.<\/p>\n\n\n\n<p>Asimismo, subray\u00f3 que ya se trabaja en los \u00faltimos tramos que lo conectaran con la primera etapa del boulevard Agricultores y la Costerita, as\u00ed como detallando algunas zonas.<\/p>\n\n\n\n<p>\u00abEst\u00e1n haciendo una obra que va a ser trascendente en Culiac\u00e1n. Est\u00e1 quedando muy bonito, est\u00e1n ya haciendo la parte final. Van detallando cosas importantes, pero muy avanzado, lo vamos a tener para septiembre\u00bb, precis\u00f3 el mandatario estatal.<\/p>\n\n\n\n<p>Por su parte, el supervisor ambiental en la obra, inform\u00f3 al gobernador respecto al \u00e1rbol de huanacaxtle se le agreg\u00f3 abono para que en las pr\u00f3ximas semanas empiece a crecer su follaje.<\/p>\n\n\n\n<p>Acompa\u00f1aron al gobernador en la supervisi\u00f3n, Rodolfo Valenzuela, presidente de la Mesa Directiva del Congreso del Estado; Joaqu\u00edn Landeros, secretario de Administraci\u00f3n y Finanzas; Omar L\u00f3pez Campos, secretario de Bienestar y los residentes de obra Marbella Burgos y Eduardo Z\u00fa\u00f1iga.<\/p>\n\n\n\n<p><\/p>\n","protected":false},"excerpt":{"rendered":"<p>*En recorrido de supervisi\u00f3n, el mandatario estatal constat\u00f3 que la obra registra un avance del 75 por ciento. Culiac\u00e1n, Sinaloa 1 de abril de 2026.-&nbsp;El gobernador Rub\u00e9n Rocha Moya, acompa\u00f1ado del secretario de Obras P\u00fablicas, Ra\u00fal Montero Zamudio, realiz\u00f3 un recorrido de supervisi\u00f3n por el enlace del boulevard Agricultores a fin de garantizar la calidad [&hellip;]<\/p>\n","protected":false},"author":2,"featured_media":6496,"comment_status":"closed","ping_status":"closed","sticky":false,"template":"","format":"standard","meta":{"_et_pb_use_builder":"off","_et_pb_old_content":"","_et_gb_content_width":"","footnotes":""},"categories":[5,6,8,9,12,13],"tags":[],"class_list":["post-6495","post","type-post","status-publish","format-standard","has-post-thumbnail","hentry","category-nacional","category-politica","category-sinaloa","category-zona-centro","category-zona-norte","category-zona-sur"],"_links":{"self":[{"href":"https:\/\/zonaagro.com.mx\/noticias\/wp-json\/wp\/v2\/posts\/6495","targetHints":{"allow":["GET"]}}],"collection":[{"href":"https:\/\/zonaagro.com.mx\/noticias\/wp-json\/wp\/v2\/posts"}],"about":[{"href":"https:\/\/zonaagro.com.mx\/noticias\/wp-json\/wp\/v2\/types\/post"}],"author":[{"embeddable":true,"href":"https:\/\/zonaagro.com.mx\/noticias\/wp-json\/wp\/v2\/users\/2"}],"replies":[{"embeddable":true,"href":"https:\/\/zonaagro.com.mx\/noticias\/wp-json\/wp\/v2\/comments?post=6495"}],"version-history":[{"count":1,"href":"https:\/\/zonaagro.com.mx\/noticias\/wp-json\/wp\/v2\/posts\/6495\/revisions"}],"predecessor-version":[{"id":6497,"href":"https:\/\/zonaagro.com.mx\/noticias\/wp-json\/wp\/v2\/posts\/6495\/revisions\/6497"}],"wp:featuredmedia":[{"embeddable":true,"href":"https:\/\/zonaagro.com.mx\/noticias\/wp-json\/wp\/v2\/media\/6496"}],"wp:attachment":[{"href":"https:\/\/zonaagro.com.mx\/noticias\/wp-json\/wp\/v2\/media?parent=6495"}],"wp:term":[{"taxonomy":"category","embeddable":true,"href":"https:\/\/zonaagro.com.mx\/noticias\/wp-json\/wp\/v2\/categories?post=6495"},{"taxonomy":"post_tag","embeddable":true,"href":"https:\/\/zonaagro.com.mx\/noticias\/wp-json\/wp\/v2\/tags?post=6495"}],"curies":[{"name":"wp","href":"https:\/\/api.w.org\/{rel}","templated":true}]}}