{"id":6538,"date":"2026-04-30T02:01:36","date_gmt":"2026-04-30T02:01:36","guid":{"rendered":"https:\/\/zonaagro.com.mx\/noticias\/?p=6538"},"modified":"2026-04-30T02:01:37","modified_gmt":"2026-04-30T02:01:37","slug":"se-formaliza-subsidio-a-las-tarifas-de-energia-electrica-en-sinaloa","status":"publish","type":"post","link":"https:\/\/zonaagro.com.mx\/noticias\/se-formaliza-subsidio-a-las-tarifas-de-energia-electrica-en-sinaloa\/","title":{"rendered":"Se formaliza subsidio a las tarifas de energ\u00eda el\u00e9ctrica en Sinaloa"},"content":{"rendered":"\n<p><em>* El gobernador Rocha encabeza reuni\u00f3n con directivos de la CFE; se aplicar\u00e1 del 1 de mayo y al 31 de octubre de 2026<\/em><\/p>\n\n\n\n<p><em>* Se beneficiar\u00e1n 588 mil 847 familias sinaloenses<\/em><\/p>\n\n\n\n<p><strong>Culiac\u00e1n, Sinaloa, a 29 de abril de 2026.-<\/strong>&nbsp;A partir del pr\u00f3ximo 1 de Mayo y hasta el 31 de Octubre de este a\u00f1o, se aplicar\u00e1 en Sinaloa un subsidio a las tarifas de energ\u00eda el\u00e9ctrica, de acuerdo con el convenio que se firm\u00f3 este jueves para formalizar el apoyo.<\/p>\n\n\n\n<p>El gobernador Rub\u00e9n Rocha Moya encabez\u00f3 la reuni\u00f3n junto con directivos de la CFE como el gerente de Distribuci\u00f3n Divisi\u00f3n Noroeste, Hugo Mart\u00ednez Lendechy, y el encargado temporal de la Subgerencia Comercial, Emanuel Abril Herrera.<\/p>\n\n\n\n<p>El beneficio es para usuarios dom\u00e9sticos de todo el estado y significa un gran ahorro para 588 mil 847 familias sinaloenses.<\/p>\n\n\n\n<p>Adem\u00e1s, asistieron la Secretaria de Gobierno, Yeraldine Bonilla Valverde; el Secretario de Administraci\u00f3n y Finanzas, Joaqu\u00edn Alberto Landeros Guicho, y la Secretaria de Transparencia y Rendici\u00f3n de Cuentas, Sandra Guadalupe Angulo C\u00e1zarez.<\/p>\n","protected":false},"excerpt":{"rendered":"<p>* El gobernador Rocha encabeza reuni\u00f3n con directivos de la CFE; se aplicar\u00e1 del 1 de mayo y al 31 de octubre de 2026 * Se beneficiar\u00e1n 588 mil 847 familias sinaloenses Culiac\u00e1n, Sinaloa, a 29 de abril de 2026.-&nbsp;A partir del pr\u00f3ximo 1 de Mayo y hasta el 31 de Octubre de este a\u00f1o, [&hellip;]<\/p>\n","protected":false},"author":2,"featured_media":6539,"comment_status":"closed","ping_status":"closed","sticky":false,"template":"","format":"standard","meta":{"_et_pb_use_builder":"off","_et_pb_old_content":"","_et_gb_content_width":"","footnotes":""},"categories":[5,6,8,9,12,13],"tags":[],"class_list":["post-6538","post","type-post","status-publish","format-standard","has-post-thumbnail","hentry","category-nacional","category-politica","category-sinaloa","category-zona-centro","category-zona-norte","category-zona-sur"],"_links":{"self":[{"href":"https:\/\/zonaagro.com.mx\/noticias\/wp-json\/wp\/v2\/posts\/6538","targetHints":{"allow":["GET"]}}],"collection":[{"href":"https:\/\/zonaagro.com.mx\/noticias\/wp-json\/wp\/v2\/posts"}],"about":[{"href":"https:\/\/zonaagro.com.mx\/noticias\/wp-json\/wp\/v2\/types\/post"}],"author":[{"embeddable":true,"href":"https:\/\/zonaagro.com.mx\/noticias\/wp-json\/wp\/v2\/users\/2"}],"replies":[{"embeddable":true,"href":"https:\/\/zonaagro.com.mx\/noticias\/wp-json\/wp\/v2\/comments?post=6538"}],"version-history":[{"count":1,"href":"https:\/\/zonaagro.com.mx\/noticias\/wp-json\/wp\/v2\/posts\/6538\/revisions"}],"predecessor-version":[{"id":6540,"href":"https:\/\/zonaagro.com.mx\/noticias\/wp-json\/wp\/v2\/posts\/6538\/revisions\/6540"}],"wp:featuredmedia":[{"embeddable":true,"href":"https:\/\/zonaagro.com.mx\/noticias\/wp-json\/wp\/v2\/media\/6539"}],"wp:attachment":[{"href":"https:\/\/zonaagro.com.mx\/noticias\/wp-json\/wp\/v2\/media?parent=6538"}],"wp:term":[{"taxonomy":"category","embeddable":true,"href":"https:\/\/zonaagro.com.mx\/noticias\/wp-json\/wp\/v2\/categories?post=6538"},{"taxonomy":"post_tag","embeddable":true,"href":"https:\/\/zonaagro.com.mx\/noticias\/wp-json\/wp\/v2\/tags?post=6538"}],"curies":[{"name":"wp","href":"https:\/\/api.w.org\/{rel}","templated":true}]}}