{"id":6549,"date":"2026-05-01T18:13:28","date_gmt":"2026-05-01T18:13:28","guid":{"rendered":"https:\/\/zonaagro.com.mx\/noticias\/?p=6549"},"modified":"2026-05-01T18:13:29","modified_gmt":"2026-05-01T18:13:29","slug":"conmemora-gobierno-de-sinaloa-el-dia-del-trabajo","status":"publish","type":"post","link":"https:\/\/zonaagro.com.mx\/noticias\/conmemora-gobierno-de-sinaloa-el-dia-del-trabajo\/","title":{"rendered":"Conmemora Gobierno de Sinaloa el D\u00eda del Trabajo"},"content":{"rendered":"\n<p><em>* Se realiza acto c\u00edvico en la explanada de Palacio de Gobierno<\/em><\/p>\n\n\n\n<p><strong>Culiac\u00e1n, Sinaloa, a 1 de mayo de 2026.-<\/strong>&nbsp;En conmemoraci\u00f3n del D\u00eda del Trabajo, el Gobierno de Sinaloa, junto con autoridades civiles y militares, realiz\u00f3 un acto c\u00edvico en la explanada de Palacio de Gobierno, evento que encabez\u00f3 Marco Antonio Zazueta Zazueta, director del Trabajo y Previsi\u00f3n Social.<\/p>\n\n\n\n<p>Se realizaron honores de ordenanza que incluyeron el izamiento a toda asta de la Bandera Nacional, as\u00ed como la entonaci\u00f3n del himno nacional.<\/p>\n\n\n\n<p>Asistieron tambi\u00e9n Erika Rub\u00ed Mart\u00ednez Rodr\u00edguez, presidenta de la Comisi\u00f3n de la Juventud, Cultura F\u00edsica y Deporte del H. Congreso del Estado; el Magistrado Jes\u00fas Iv\u00e1n Ch\u00e1vez Rangel, presidente del Supremo Tribunal de Justicia; Flor Emilia Guerra Mena, Secretaria de Pesca y Acuacultura del Gobierno del Estado; as\u00ed como representantes de la Fuerza A\u00e9rea, Guardia Nacional y Novena Zona Militar.<\/p>\n","protected":false},"excerpt":{"rendered":"<p>* Se realiza acto c\u00edvico en la explanada de Palacio de Gobierno Culiac\u00e1n, Sinaloa, a 1 de mayo de 2026.-&nbsp;En conmemoraci\u00f3n del D\u00eda del Trabajo, el Gobierno de Sinaloa, junto con autoridades civiles y militares, realiz\u00f3 un acto c\u00edvico en la explanada de Palacio de Gobierno, evento que encabez\u00f3 Marco Antonio Zazueta Zazueta, director del [&hellip;]<\/p>\n","protected":false},"author":2,"featured_media":6550,"comment_status":"closed","ping_status":"closed","sticky":false,"template":"","format":"standard","meta":{"_et_pb_use_builder":"off","_et_pb_old_content":"","_et_gb_content_width":"","footnotes":""},"categories":[5,6,8,9,12,13],"tags":[],"class_list":["post-6549","post","type-post","status-publish","format-standard","has-post-thumbnail","hentry","category-nacional","category-politica","category-sinaloa","category-zona-centro","category-zona-norte","category-zona-sur"],"_links":{"self":[{"href":"https:\/\/zonaagro.com.mx\/noticias\/wp-json\/wp\/v2\/posts\/6549","targetHints":{"allow":["GET"]}}],"collection":[{"href":"https:\/\/zonaagro.com.mx\/noticias\/wp-json\/wp\/v2\/posts"}],"about":[{"href":"https:\/\/zonaagro.com.mx\/noticias\/wp-json\/wp\/v2\/types\/post"}],"author":[{"embeddable":true,"href":"https:\/\/zonaagro.com.mx\/noticias\/wp-json\/wp\/v2\/users\/2"}],"replies":[{"embeddable":true,"href":"https:\/\/zonaagro.com.mx\/noticias\/wp-json\/wp\/v2\/comments?post=6549"}],"version-history":[{"count":1,"href":"https:\/\/zonaagro.com.mx\/noticias\/wp-json\/wp\/v2\/posts\/6549\/revisions"}],"predecessor-version":[{"id":6551,"href":"https:\/\/zonaagro.com.mx\/noticias\/wp-json\/wp\/v2\/posts\/6549\/revisions\/6551"}],"wp:featuredmedia":[{"embeddable":true,"href":"https:\/\/zonaagro.com.mx\/noticias\/wp-json\/wp\/v2\/media\/6550"}],"wp:attachment":[{"href":"https:\/\/zonaagro.com.mx\/noticias\/wp-json\/wp\/v2\/media?parent=6549"}],"wp:term":[{"taxonomy":"category","embeddable":true,"href":"https:\/\/zonaagro.com.mx\/noticias\/wp-json\/wp\/v2\/categories?post=6549"},{"taxonomy":"post_tag","embeddable":true,"href":"https:\/\/zonaagro.com.mx\/noticias\/wp-json\/wp\/v2\/tags?post=6549"}],"curies":[{"name":"wp","href":"https:\/\/api.w.org\/{rel}","templated":true}]}}